{"id":14002,"date":"2021-03-05T07:04:15","date_gmt":"2021-03-05T10:04:15","guid":{"rendered":"https:\/\/sjcbancarios.com.br\/site\/?p=14002"},"modified":"2021-03-05T08:16:19","modified_gmt":"2021-03-05T11:16:19","slug":"santander-e-suas-crueis-inovacoes","status":"publish","type":"post","link":"https:\/\/sjcbancarios.com.br\/site\/noticias-em-destaque\/santander-e-suas-crueis-inovacoes\/","title":{"rendered":"Santander e suas cru\u00e9is &#8220;inova\u00e7\u00f5es&#8221;"},"content":{"rendered":"<p style=\"text-align: justify;\"><span style=\"font-family: arial, helvetica, sans-serif;\">N\u00e3o bastasse a falta de funcion\u00e1rios gritante e as exig\u00eancias sem fundamento feitas aos funcion\u00e1rios diariamente, o Banco exige agora a assinatura de acordo individual de banco de horas positivas.<\/span><\/p>\n<p style=\"text-align: justify;\"><span style=\"font-family: arial, helvetica, sans-serif;\">As rela\u00e7\u00f5es entre representantes dos funcion\u00e1rios, sindicato e Bancos, permitiram nos \u00faltimos anos, al\u00e9m da CCT da categoria, diversos acordos por Banco para in\u00fameras demandas dos funcion\u00e1rios. Acabamos de celebrar a prorroga\u00e7\u00e3o do acordo de Banco de horas negativas em fun\u00e7\u00e3o da pandemia.<\/span><\/p>\n<p style=\"text-align: justify;\"><span style=\"font-family: arial, helvetica, sans-serif;\">Outro acordo negociado com o Santander que se mostrou muito positvo,\u00a0 foi a defini\u00e7\u00e3o das regras para abertura aos finais de semana e feriados nos shopping centers. Acordo esse, assinado com os sindicatos que quiseram fazer esta discuss\u00e3o e submet\u00ea-la \u00e0s suas bases.<\/span><\/p>\n<p style=\"text-align: justify;\"><span style=\"font-family: arial, helvetica, sans-serif;\">Nestes tempos t\u00e3o dif\u00edceis de amea\u00e7as \u00e0 democracia, a categoria banc\u00e1ria tem dado exemplos de sucesso \u00e0s demais categorias de trabalhadores pela maturidade de negocia\u00e7\u00f5es com as institui\u00e7\u00f5es e por sua organiza\u00e7\u00e3o.<\/span><\/p>\n<p style=\"text-align: justify;\"><span style=\"font-family: arial, helvetica, sans-serif;\">\u201cTemos total discord\u00e2ncia da forma de proceder do Banco quanto a acordos individuais de horas extras, embora infelizmente seja permitido pela legisla\u00e7\u00e3o em vigor. Queremos abertura das negocia\u00e7\u00f5es urgente sobre esse tema que hoje atinge parte dos seus funcion\u00e1rios; mas amanh\u00e3, com as fortes mudan\u00e7as que vem ocorrendo no sistema financeiro, poder\u00e1 atingir a todos os funcion\u00e1rios\u201d, destaca Ana Estela A de Lima, representante da Federa\u00e7\u00e3o dos banc\u00e1rios de SPMS na COE Santander.<\/span><\/p>\n<p>Fonte: Federa\u00e7\u00e3o dos banc\u00e1rios de SPMS<\/p>\n","protected":false},"excerpt":{"rendered":"<p class=\"excerpt\">N\u00e3o bastasse a falta de funcion\u00e1rios gritante e as exig\u00eancias sem fundamento feitas aos funcion\u00e1rios diariamente, o Banco exige agora a assinatura de acordo individual de banco de horas positivas. As rela\u00e7\u00f5es entre representantes dos funcion\u00e1rios, sindicato e Bancos, permitiram nos \u00faltimos anos, al\u00e9m da CCT da categoria, diversos acordos por Banco para in\u00fameras demandas [&hellip;]<\/p>\n","protected":false},"author":2,"featured_media":14006,"comment_status":"closed","ping_status":"closed","sticky":false,"template":"","format":"standard","meta":{"_et_pb_use_builder":"","_et_pb_old_content":"","_et_gb_content_width":"","footnotes":""},"categories":[155],"tags":[],"class_list":["post-14002","post","type-post","status-publish","format-standard","has-post-thumbnail","hentry","category-noticias-em-destaque"],"_links":{"self":[{"href":"https:\/\/sjcbancarios.com.br\/site\/wp-json\/wp\/v2\/posts\/14002","targetHints":{"allow":["GET"]}}],"collection":[{"href":"https:\/\/sjcbancarios.com.br\/site\/wp-json\/wp\/v2\/posts"}],"about":[{"href":"https:\/\/sjcbancarios.com.br\/site\/wp-json\/wp\/v2\/types\/post"}],"author":[{"embeddable":true,"href":"https:\/\/sjcbancarios.com.br\/site\/wp-json\/wp\/v2\/users\/2"}],"replies":[{"embeddable":true,"href":"https:\/\/sjcbancarios.com.br\/site\/wp-json\/wp\/v2\/comments?post=14002"}],"version-history":[{"count":0,"href":"https:\/\/sjcbancarios.com.br\/site\/wp-json\/wp\/v2\/posts\/14002\/revisions"}],"wp:featuredmedia":[{"embeddable":true,"href":"https:\/\/sjcbancarios.com.br\/site\/wp-json\/wp\/v2\/media\/14006"}],"wp:attachment":[{"href":"https:\/\/sjcbancarios.com.br\/site\/wp-json\/wp\/v2\/media?parent=14002"}],"wp:term":[{"taxonomy":"category","embeddable":true,"href":"https:\/\/sjcbancarios.com.br\/site\/wp-json\/wp\/v2\/categories?post=14002"},{"taxonomy":"post_tag","embeddable":true,"href":"https:\/\/sjcbancarios.com.br\/site\/wp-json\/wp\/v2\/tags?post=14002"}],"curies":[{"name":"wp","href":"https:\/\/api.w.org\/{rel}","templated":true}]}}