{"id":13948,"date":"2021-02-19T09:06:39","date_gmt":"2021-02-19T12:06:39","guid":{"rendered":"https:\/\/sjcbancarios.com.br\/site\/?p=13948"},"modified":"2021-02-19T09:29:06","modified_gmt":"2021-02-19T12:29:06","slug":"tuitaco-em-defesa-da-caixa-valorizacao-dos-empregados-e-contra-metas-abusivas","status":"publish","type":"post","link":"https:\/\/sjcbancarios.com.br\/site\/noticias-em-destaque\/tuitaco-em-defesa-da-caixa-valorizacao-dos-empregados-e-contra-metas-abusivas\/","title":{"rendered":"Tuita\u00e7o em defesa da Caixa, valoriza\u00e7\u00e3o dos empregados e contra metas abusivas"},"content":{"rendered":"<p style=\"text-align: justify;\"><span style=\"font-family: arial, helvetica, sans-serif;\"><em>A mobiliza\u00e7\u00e3o come\u00e7a \u00e0s 11h da manh\u00e3. Utilize as hashtags nas suas redes sociais: #MexeucomaCaixaMexeucomoBrasil #CaixaValorizeOEmpregado e #MetasDesumanasN\u00e3o<\/em><\/span><\/p>\n<p style=\"text-align: justify;\"><span style=\"font-family: arial, helvetica, sans-serif;\">Empregados da Caixa Econ\u00f4mica Federal de todo o Brasil e entidades representativas dos empregados estar\u00e3o mobilizados nesta sexta-feira, dia 19, contra as metas desumanas impostas pelo Banco que est\u00e3o causando o adoecimento dos trabalhadores. \u00c0s 11h, come\u00e7a o tuita\u00e7o e os banc\u00e1rios podem usar as hashtags #MexeucomaCaixaMexeucomoBrasil #CaixaValorizeOEmpregado e #MetasDesumanasN\u00e3o nos seus perfis da rede social. O objetivo tamb\u00e9m \u00e9 denunciar o desrespeito da Caixa contra os empregados e o d\u00e9ficit no quadro de trabalhadores.<\/span><\/p>\n<p style=\"text-align: justify;\"><span style=\"font-family: arial, helvetica, sans-serif;\">A a\u00e7\u00e3o faz parte do calend\u00e1rio de lutas da Campanha de Valoriza\u00e7\u00e3o da categoria, lan\u00e7ada em 28 de dezembro, para chamar aten\u00e7\u00e3o da sociedade sobre a import\u00e2ncia do trabalho realizado pelos trabalhadores da empresa, especialmente em 2020, ano marcado pela crise sanit\u00e1ria da Covida-19.<\/span><\/p>\n<p style=\"text-align: justify;\"><span style=\"font-family: arial, helvetica, sans-serif;\">Na pandemia, os empregados, mais uma vez, trabalharam intensamente para cumprir o papel social da Caixa. Foram nove meses de pagamento do pagamento do aux\u00edlio emergencial para mais de 67 milh\u00f5es de brasileiros, medida tomada para aliviar os efeitos da crise sanit\u00e1ria. Tamb\u00e9m foram os trabalhadores da Caixa que atenderam outros 50 milh\u00f5es de brasileiros que buscaram o Banco para receber outros benef\u00edcios emerg\u00eancias.<\/span><\/p>\n<p style=\"text-align: justify;\"><span style=\"font-family: arial, helvetica, sans-serif;\">\u201cA press\u00e3o e cobran\u00e7a por metas desumanas est\u00e3o adoecendo os trabalhadores. Mesmo com quadro reduzido para atendimento, os banc\u00e1rios ainda s\u00e3o direcionados para outros trabalhos no objetivo de cumprir metas. A dire\u00e7\u00e3o da Caixa \u00e9 perversa. Cad\u00ea o respeito e valoriza\u00e7\u00e3o dos colegas?\u201d, afirmou o presidente da Federa\u00e7\u00e3o Nacional das Associa\u00e7\u00f5es do Pessoal da Caixa Econ\u00f4mica Federal (Fenae), Sergio Takemoto.<\/span><\/p>\n<p style=\"text-align: justify;\"><span style=\"font-family: arial, helvetica, sans-serif;\">Outro problema \u00e9 a redu\u00e7\u00e3o de empregados que a Caixa tem feito nos \u00faltimos anos. O d\u00e9ficit atingiu mais de 19 mil postos de trabalho e o n\u00famero deve aumentar, uma vez que ainda n\u00e3o foram divulgados os dados completos de desligamentos do \u00faltimo Programa de Demiss\u00e3o Volunt\u00e1ria (PDV).<\/span><\/p>\n<p style=\"text-align: justify;\"><span style=\"font-family: arial, helvetica, sans-serif;\">Participe! Use as hashtags<\/span><\/p>\n<p style=\"text-align: justify;\"><strong><span style=\"font-family: arial, helvetica, sans-serif;\">#MexeucomaCaixaMexeucomoBrasil<\/span><\/strong><br \/>\n<strong><span style=\"font-family: arial, helvetica, sans-serif;\">#CaixaValorizeOEmpregado<\/span><\/strong><br \/>\n<strong><span style=\"font-family: arial, helvetica, sans-serif;\">#MetasDesumanasN\u00e3o<\/span><\/strong><\/p>\n<p>Fonte: Federa\u00e7\u00e3o dos banc\u00e1rios de SPMS<\/p>\n","protected":false},"excerpt":{"rendered":"<p class=\"excerpt\">A mobiliza\u00e7\u00e3o come\u00e7a \u00e0s 11h da manh\u00e3. Utilize as hashtags nas suas redes sociais: #MexeucomaCaixaMexeucomoBrasil #CaixaValorizeOEmpregado e #MetasDesumanasN\u00e3o Empregados da Caixa Econ\u00f4mica Federal de todo o Brasil e entidades representativas dos empregados estar\u00e3o mobilizados nesta sexta-feira, dia 19, contra as metas desumanas impostas pelo Banco que est\u00e3o causando o adoecimento dos trabalhadores. \u00c0s 11h, come\u00e7a [&hellip;]<\/p>\n","protected":false},"author":2,"featured_media":13960,"comment_status":"closed","ping_status":"closed","sticky":false,"template":"","format":"standard","meta":{"_et_pb_use_builder":"","_et_pb_old_content":"","_et_gb_content_width":"","footnotes":""},"categories":[155],"tags":[],"class_list":["post-13948","post","type-post","status-publish","format-standard","has-post-thumbnail","hentry","category-noticias-em-destaque"],"_links":{"self":[{"href":"https:\/\/sjcbancarios.com.br\/site\/wp-json\/wp\/v2\/posts\/13948","targetHints":{"allow":["GET"]}}],"collection":[{"href":"https:\/\/sjcbancarios.com.br\/site\/wp-json\/wp\/v2\/posts"}],"about":[{"href":"https:\/\/sjcbancarios.com.br\/site\/wp-json\/wp\/v2\/types\/post"}],"author":[{"embeddable":true,"href":"https:\/\/sjcbancarios.com.br\/site\/wp-json\/wp\/v2\/users\/2"}],"replies":[{"embeddable":true,"href":"https:\/\/sjcbancarios.com.br\/site\/wp-json\/wp\/v2\/comments?post=13948"}],"version-history":[{"count":0,"href":"https:\/\/sjcbancarios.com.br\/site\/wp-json\/wp\/v2\/posts\/13948\/revisions"}],"wp:featuredmedia":[{"embeddable":true,"href":"https:\/\/sjcbancarios.com.br\/site\/wp-json\/wp\/v2\/media\/13960"}],"wp:attachment":[{"href":"https:\/\/sjcbancarios.com.br\/site\/wp-json\/wp\/v2\/media?parent=13948"}],"wp:term":[{"taxonomy":"category","embeddable":true,"href":"https:\/\/sjcbancarios.com.br\/site\/wp-json\/wp\/v2\/categories?post=13948"},{"taxonomy":"post_tag","embeddable":true,"href":"https:\/\/sjcbancarios.com.br\/site\/wp-json\/wp\/v2\/tags?post=13948"}],"curies":[{"name":"wp","href":"https:\/\/api.w.org\/{rel}","templated":true}]}}