{"id":13944,"date":"2021-02-19T08:43:51","date_gmt":"2021-02-19T11:43:51","guid":{"rendered":"https:\/\/sjcbancarios.com.br\/site\/?p=13944"},"modified":"2021-02-19T08:43:51","modified_gmt":"2021-02-19T11:43:51","slug":"plenaria-da-feeb-spms-fortalece-luta-contra-reestruturacao","status":"publish","type":"post","link":"https:\/\/sjcbancarios.com.br\/site\/noticias-em-destaque\/plenaria-da-feeb-spms-fortalece-luta-contra-reestruturacao\/","title":{"rendered":"Plen\u00e1ria da Feeb SPMS fortalece luta contra reestrutura\u00e7\u00e3o"},"content":{"rendered":"<p style=\"text-align: justify;\"><span style=\"font-family: arial, helvetica, sans-serif;\">Na ultima quarta-feira, dia 17, a Federa\u00e7\u00e3o dos Banc\u00e1rios dos Estados de S\u00e3o Paulo e Mato Grosso do Sul realizou com os sindicatos filiados, a Plen\u00e1ria em Defesa do BB.<\/span><\/p>\n<p style=\"text-align: justify;\"><span style=\"font-family: arial, helvetica, sans-serif;\">A reuni\u00e3o contou com ampla participa\u00e7\u00e3o e refor\u00e7ou a uni\u00e3o da categoria na luta contra a reestrutura\u00e7\u00e3o do Banco do Brasil, que prev\u00ea o fechamento de 354 unidades de atendimentos e a demiss\u00e3o de mais de cinco mil banc\u00e1rias e banc\u00e1rios.<\/span><\/p>\n<p style=\"text-align: justify;\"><span style=\"font-family: arial, helvetica, sans-serif;\"><strong>Plen\u00e1ria<\/strong><\/span><br \/>\n<span style=\"font-family: arial, helvetica, sans-serif;\">Iniciada com a sauda\u00e7\u00e3o de representantes sindicais, a reuni\u00e3o que ocorreu por videoconfer\u00eancia abordou o tema anunciado em 11 de janeiro e o calend\u00e1rio de luta realizado at\u00e9 ent\u00e3o. \u201cDesde o an\u00fancio at\u00e9 aqui, tivemos a ades\u00e3o ao calend\u00e1rio de lutas que envolveram manifesta\u00e7\u00f5es nas redes sociais, fechamento de ag\u00eancias, di\u00e1logo com clientes, usu\u00e1rios do Banco e equipes, greves, protestos em locais p\u00fablicos e conversa com a imprensa e autoridades pol\u00edticas locais\u201d, explicou Elisa Ferreira, representante da Feeb na Comiss\u00e3o de Empresa de Funcion\u00e1rios do Banco do Brasil.<\/span><\/p>\n<p style=\"text-align: justify;\"><span style=\"font-family: arial, helvetica, sans-serif;\">Na sequ\u00eancia o representante da LBS advogados apresentou o balan\u00e7o das a\u00e7\u00f5es jur\u00eddicas movidas contra o Banco em decorr\u00eancia da desestrutura\u00e7\u00e3o do BB.<\/span><\/p>\n<p style=\"text-align: justify;\"><span style=\"font-family: arial, helvetica, sans-serif;\">&#8220;Foi um debate essencial para esclarecer, tirar d\u00favidas, ouvir a realidade local de cada sindicato e principalmente alertar os funcion\u00e1rios e a sociedade dos riscos da privatiza\u00e7\u00e3o do BB em fun\u00e7\u00e3o das sucessivas reestrutura\u00e7\u00f5es\u201d, destaca Jeferson Boava, presidente da Feeb SP\/MS.<\/span><br \/>\n<span style=\"font-family: arial, helvetica, sans-serif;\">Al\u00e9m das lutas contra as demiss\u00f5es e o fechamento de ag\u00eancias, a luta dos banc\u00e1rios e banc\u00e1rias \u00e9 contra o pacote de maldades do Banco que aponta para o enfraquecimento e a privatiza\u00e7\u00e3o do banco.<\/span><\/p>\n<p style=\"text-align: justify;\"><span style=\"font-family: arial, helvetica, sans-serif;\">O lucro anunciado pelo Banco do Brasil em 2020 foi de 13,8 bi.<\/span><\/p>\n<p style=\"text-align: justify;\"><span style=\"font-family: arial, helvetica, sans-serif;\"><strong>A\u00e7\u00f5es<\/strong><\/span><\/p>\n<p style=\"text-align: justify;\"><span style=\"font-family: arial, helvetica, sans-serif;\">A Feeb ingressou com tr\u00eas a\u00e7\u00f5es judiciais contra o Banco neste m\u00eas. \u201cO objetivo \u00e9 minimizar, o quanto antes, os impactos da reestrutura\u00e7\u00e3o\u201d, diz o presidente. \u201cNada impede que mesmo ap\u00f3s movida determinada a\u00e7\u00e3o via Federa\u00e7\u00e3o, cada sindicato mova sua pr\u00f3pria a\u00e7\u00e3o tamb\u00e9m, mas nesse momento \u00e9 importante consolidarmos as defesas em n\u00edvel de federa\u00e7\u00e3o e fortalecermos ainda mais as pr\u00f3ximas programa\u00e7\u00f5es\u201d, completa Boava.<\/span><\/p>\n<p style=\"text-align: justify;\"><span style=\"font-family: arial, helvetica, sans-serif;\"><strong>Dentre as a\u00e7\u00f5es apresentadas pela LBS advogados est\u00e3o:<\/strong><\/span><br \/>\n<span style=\"font-family: arial, helvetica, sans-serif;\">A\u00e7\u00e3o de incorpora\u00e7\u00e3o da gratifica\u00e7\u00e3o de fun\u00e7\u00e3o dos descomissionados; A\u00e7\u00e3o de veda\u00e7\u00e3o das remo\u00e7\u00f5es compuls\u00f3rias para outra pra\u00e7a: e A\u00e7\u00e3o de manuten\u00e7\u00e3o do plano plus aos egressos do BNC, contribuindo integralmente ( parte empregado e empregador).<\/span><br \/>\n<span style=\"font-family: arial, helvetica, sans-serif;\">Na pr\u00f3xima segunda-feira, dia 22, a Feeb se re\u00fane com o Comando Nacional e demais representantes do Banco do Brasil e levar\u00e1 as demandas da plen\u00e1ria para discuss\u00e3o nacional.<\/span><\/p>\n<p style=\"text-align: justify;\"><span style=\"font-family: arial, helvetica, sans-serif;\"><strong>Outras programa\u00e7\u00f5es:<\/strong><\/span><br \/>\n<span style=\"font-family: arial, helvetica, sans-serif;\">Manuten\u00e7\u00e3o do Estado de Greve;<\/span><br \/>\n<span style=\"font-family: arial, helvetica, sans-serif;\">Continuidade das a\u00e7\u00f5es judiciais;<\/span><\/p>\n<p style=\"text-align: justify;\">\u00a0<\/p>\n<p style=\"text-align: justify;\">Fonte: Federa\u00e7\u00e3o dos banc\u00e1rios de SPMS<\/p>\n","protected":false},"excerpt":{"rendered":"<p class=\"excerpt\">Na ultima quarta-feira, dia 17, a Federa\u00e7\u00e3o dos Banc\u00e1rios dos Estados de S\u00e3o Paulo e Mato Grosso do Sul realizou com os sindicatos filiados, a Plen\u00e1ria em Defesa do BB. A reuni\u00e3o contou com ampla participa\u00e7\u00e3o e refor\u00e7ou a uni\u00e3o da categoria na luta contra a reestrutura\u00e7\u00e3o do Banco do Brasil, que prev\u00ea o fechamento [&hellip;]<\/p>\n","protected":false},"author":2,"featured_media":13946,"comment_status":"closed","ping_status":"closed","sticky":false,"template":"","format":"standard","meta":{"_et_pb_use_builder":"","_et_pb_old_content":"","_et_gb_content_width":"","footnotes":""},"categories":[155],"tags":[],"class_list":["post-13944","post","type-post","status-publish","format-standard","has-post-thumbnail","hentry","category-noticias-em-destaque"],"_links":{"self":[{"href":"https:\/\/sjcbancarios.com.br\/site\/wp-json\/wp\/v2\/posts\/13944","targetHints":{"allow":["GET"]}}],"collection":[{"href":"https:\/\/sjcbancarios.com.br\/site\/wp-json\/wp\/v2\/posts"}],"about":[{"href":"https:\/\/sjcbancarios.com.br\/site\/wp-json\/wp\/v2\/types\/post"}],"author":[{"embeddable":true,"href":"https:\/\/sjcbancarios.com.br\/site\/wp-json\/wp\/v2\/users\/2"}],"replies":[{"embeddable":true,"href":"https:\/\/sjcbancarios.com.br\/site\/wp-json\/wp\/v2\/comments?post=13944"}],"version-history":[{"count":0,"href":"https:\/\/sjcbancarios.com.br\/site\/wp-json\/wp\/v2\/posts\/13944\/revisions"}],"wp:featuredmedia":[{"embeddable":true,"href":"https:\/\/sjcbancarios.com.br\/site\/wp-json\/wp\/v2\/media\/13946"}],"wp:attachment":[{"href":"https:\/\/sjcbancarios.com.br\/site\/wp-json\/wp\/v2\/media?parent=13944"}],"wp:term":[{"taxonomy":"category","embeddable":true,"href":"https:\/\/sjcbancarios.com.br\/site\/wp-json\/wp\/v2\/categories?post=13944"},{"taxonomy":"post_tag","embeddable":true,"href":"https:\/\/sjcbancarios.com.br\/site\/wp-json\/wp\/v2\/tags?post=13944"}],"curies":[{"name":"wp","href":"https:\/\/api.w.org\/{rel}","templated":true}]}}