{"id":13937,"date":"2021-02-17T10:21:00","date_gmt":"2021-02-17T13:21:00","guid":{"rendered":"https:\/\/sjcbancarios.com.br\/site\/?p=13937"},"modified":"2021-02-17T12:26:27","modified_gmt":"2021-02-17T15:26:27","slug":"bancarios-da-bv-e-banco-votorantim-aprovam-acordos-coletivos-de-trabalho","status":"publish","type":"post","link":"https:\/\/sjcbancarios.com.br\/site\/noticias-em-destaque\/bancarios-da-bv-e-banco-votorantim-aprovam-acordos-coletivos-de-trabalho\/","title":{"rendered":"Banc\u00e1rios da BV e Banco Votorantim aprovam acordos coletivos de trabalho"},"content":{"rendered":"<p style=\"text-align: justify;\"><span style=\"font-family: arial, helvetica, sans-serif;\">Os funcion\u00e1rios da BV Financeira e do Banco Votorantim aprovaram as propostas de Programa Pr\u00f3prio de Participa\u00e7\u00e3o nos Resultados da BV Financeira, para o exerc\u00edcio de 2020, a considerar o per\u00edodo de janeiro a julho; e a proposta de Acordo Coletivo de Trabalho, que tem por objeto a renova\u00e7\u00e3o do Programa Pr\u00f3prio de Participa\u00e7\u00e3o nos Resultados do Banco Votorantim, para os exerc\u00edcios de 2020 (a considerar o per\u00edodo de agosto a dezembro) e 2021 (vig\u00eancia de janeiro a dezembro).<\/span><\/p>\n<p style=\"text-align: justify;\"><span style=\"font-family: arial, helvetica, sans-serif;\">A vota\u00e7\u00e3o foi realizada em assembleia virtual organizada pelo Sindicato na ultima, sexta-feira dia 12, entre 10h e 22h.<\/span><\/p>\n<p style=\"text-align: justify;\"><span style=\"font-family: arial, helvetica, sans-serif;\">Ambos os programas de Participa\u00e7\u00e3o nos Resultados preveem valores adicionais \u00e0 PLR da Conven\u00e7\u00e3o Coletiva de Trabalho, sem qualquer compensa\u00e7\u00e3o entre os valores.<\/span><\/p>\n<p style=\"text-align: justify;\"><span style=\"font-family: arial, helvetica, sans-serif;\">Os empregados da BV Financeira foram transferidos para o Banco Votorantim em 1\u00ba de agosto de 2020, portanto passaram de financi\u00e1rios a banc\u00e1rios.<\/span><\/p>\n<p style=\"text-align: justify;\"><span style=\"font-family: arial, helvetica, sans-serif;\">A estes trabalhadores ser\u00e1 considerada a proporcionalidade dos benef\u00edcios referentes a cada categoria, de acordo com cada exerc\u00edcio, e assim tamb\u00e9m ocorrer\u00e1 quanto aos valores decorrentes de ambos os programas pr\u00f3prios.<\/span><\/p>\n<p style=\"text-align: justify;\"><span style=\"font-family: arial, helvetica, sans-serif;\">Fonte: spbancarios<\/span><\/p>\n","protected":false},"excerpt":{"rendered":"<p class=\"excerpt\">Os funcion\u00e1rios da BV Financeira e do Banco Votorantim aprovaram as propostas de Programa Pr\u00f3prio de Participa\u00e7\u00e3o nos Resultados da BV Financeira, para o exerc\u00edcio de 2020, a considerar o per\u00edodo de janeiro a julho; e a proposta de Acordo Coletivo de Trabalho, que tem por objeto a renova\u00e7\u00e3o do Programa Pr\u00f3prio de Participa\u00e7\u00e3o nos [&hellip;]<\/p>\n","protected":false},"author":2,"featured_media":13942,"comment_status":"closed","ping_status":"closed","sticky":false,"template":"","format":"standard","meta":{"_et_pb_use_builder":"","_et_pb_old_content":"","_et_gb_content_width":"","footnotes":""},"categories":[155],"tags":[],"class_list":["post-13937","post","type-post","status-publish","format-standard","has-post-thumbnail","hentry","category-noticias-em-destaque"],"_links":{"self":[{"href":"https:\/\/sjcbancarios.com.br\/site\/wp-json\/wp\/v2\/posts\/13937","targetHints":{"allow":["GET"]}}],"collection":[{"href":"https:\/\/sjcbancarios.com.br\/site\/wp-json\/wp\/v2\/posts"}],"about":[{"href":"https:\/\/sjcbancarios.com.br\/site\/wp-json\/wp\/v2\/types\/post"}],"author":[{"embeddable":true,"href":"https:\/\/sjcbancarios.com.br\/site\/wp-json\/wp\/v2\/users\/2"}],"replies":[{"embeddable":true,"href":"https:\/\/sjcbancarios.com.br\/site\/wp-json\/wp\/v2\/comments?post=13937"}],"version-history":[{"count":0,"href":"https:\/\/sjcbancarios.com.br\/site\/wp-json\/wp\/v2\/posts\/13937\/revisions"}],"wp:featuredmedia":[{"embeddable":true,"href":"https:\/\/sjcbancarios.com.br\/site\/wp-json\/wp\/v2\/media\/13942"}],"wp:attachment":[{"href":"https:\/\/sjcbancarios.com.br\/site\/wp-json\/wp\/v2\/media?parent=13937"}],"wp:term":[{"taxonomy":"category","embeddable":true,"href":"https:\/\/sjcbancarios.com.br\/site\/wp-json\/wp\/v2\/categories?post=13937"},{"taxonomy":"post_tag","embeddable":true,"href":"https:\/\/sjcbancarios.com.br\/site\/wp-json\/wp\/v2\/tags?post=13937"}],"curies":[{"name":"wp","href":"https:\/\/api.w.org\/{rel}","templated":true}]}}