{"id":13932,"date":"2021-02-17T12:08:54","date_gmt":"2021-02-17T15:08:54","guid":{"rendered":"https:\/\/sjcbancarios.com.br\/site\/?p=13932"},"modified":"2021-02-17T12:12:04","modified_gmt":"2021-02-17T15:12:04","slug":"13932","status":"publish","type":"post","link":"https:\/\/sjcbancarios.com.br\/site\/noticias-em-destaque\/13932\/","title":{"rendered":"Hoje, dia 17, \u00e0s 19 horas, plen\u00e1ria contra a reestrutura\u00e7\u00e3o do Banco do Brasil."},"content":{"rendered":"<p style=\"text-align: justify;\"><span style=\"font-family: arial, helvetica, sans-serif;\">Hoje, quarta-feira, dia 17, a Federa\u00e7\u00e3o dos Banc\u00e1rios dos Estados de SP e MS, com os sindicatos filiados, realizam a Plen\u00e1ria em Defesa do BB. O encontro ser\u00e1 por videoconfer\u00eancia e aberto a todos os funcion\u00e1rios do BB da Base do Sindicato.<\/span><\/p>\n<p style=\"text-align: justify;\"><span style=\"font-family: arial, helvetica, sans-serif;\">As pautas previstas para o debate incluem o balan\u00e7o de manifesta\u00e7\u00f5es e pr\u00f3ximas a\u00e7\u00f5es contra a desestrutura\u00e7\u00e3o do Banco do Brasil.<\/span><\/p>\n<p style=\"text-align: justify;\"><span style=\"font-family: arial, helvetica, sans-serif;\">&#8220;Convidamos banc\u00e1rias e banc\u00e1rios da nossa base sindical para debater conosco as a\u00e7\u00f5es contra o desmonte do BB e em defesa dos direitos do trabalhador e do Banco do Brasil como Banco P\u00fablico&#8221;, destaca Jeferson Boava, presidente da Feeb SP\/MS.<\/span><\/p>\n<p style=\"text-align: justify;\"><span style=\"font-family: arial, helvetica, sans-serif;\">Na ultima, esta sexta-feira, dia 12, a Comiss\u00e3o de Empresa dos Funcion\u00e1rios do BB (CEBB), organizou uma manifesta\u00e7\u00e3o na Avenida Paulista, em S\u00e3o Paulo, em frente \u00e0 Torre Matarazzo, na altura 1230, onde ocorria a apresenta\u00e7\u00e3o dos lucros do BB aos investidores, acionistas e agentes do mercado.<\/span><\/p>\n<p style=\"text-align: justify;\"><span style=\"font-family: arial, helvetica, sans-serif;\">O ato foi apoiado pela Feeb SPMS e contou com a participa\u00e7\u00e3o de diversos Sindicatos, que utilizaram equipamentos de som, faixas e fantasias em sinal de indigna\u00e7\u00e3o \u00e0 reestrutura\u00e7\u00e3o articulada pelo governo, que al\u00e9m das demiss\u00f5es e fechamento de ag\u00eancias, apontam para o enfraquecimento e privatiza\u00e7\u00e3o do Banco.<\/span><\/p>\n<p style=\"text-align: justify;\"><span style=\"font-family: arial, helvetica, sans-serif;\">Vale ressaltar que o lucro do BB em 2020, mesmo em meio \u00e0 pandemia, foi de 13,8 bi.<\/span><\/p>\n<p style=\"text-align: justify;\"><span style=\"font-family: arial, helvetica, sans-serif;\">Calend\u00e1rio:<\/span><br \/>\n<span style=\"font-family: arial, helvetica, sans-serif;\">17\/2 \u2013 Plen\u00e1ria Feeb SP\/MS &#8211; <a href=\"https:\/\/zoom.us\/j\/95064698831#success\">Acesso Aqui<\/a>\u00a0<\/span><\/p>\n<p style=\"text-align: justify;\"><span style=\"font-family: arial, helvetica, sans-serif;\">19\/2 \u2013 Reuni\u00e3o de avalia\u00e7\u00e3o do Comando<\/span><\/p>\n<p style=\"text-align: justify;\"><span style=\"font-family: arial, helvetica, sans-serif;\">Fonte: Federa\u00e7\u00e3o dos Banc\u00e1rios de SPMS<\/span><\/p>\n","protected":false},"excerpt":{"rendered":"<p class=\"excerpt\">Hoje, quarta-feira, dia 17, a Federa\u00e7\u00e3o dos Banc\u00e1rios dos Estados de SP e MS, com os sindicatos filiados, realizam a Plen\u00e1ria em Defesa do BB. O encontro ser\u00e1 por videoconfer\u00eancia e aberto a todos os funcion\u00e1rios do BB da Base do Sindicato. As pautas previstas para o debate incluem o balan\u00e7o de manifesta\u00e7\u00f5es e pr\u00f3ximas [&hellip;]<\/p>\n","protected":false},"author":2,"featured_media":13933,"comment_status":"closed","ping_status":"closed","sticky":false,"template":"","format":"standard","meta":{"_et_pb_use_builder":"","_et_pb_old_content":"","_et_gb_content_width":"","footnotes":""},"categories":[155],"tags":[],"class_list":["post-13932","post","type-post","status-publish","format-standard","has-post-thumbnail","hentry","category-noticias-em-destaque"],"_links":{"self":[{"href":"https:\/\/sjcbancarios.com.br\/site\/wp-json\/wp\/v2\/posts\/13932","targetHints":{"allow":["GET"]}}],"collection":[{"href":"https:\/\/sjcbancarios.com.br\/site\/wp-json\/wp\/v2\/posts"}],"about":[{"href":"https:\/\/sjcbancarios.com.br\/site\/wp-json\/wp\/v2\/types\/post"}],"author":[{"embeddable":true,"href":"https:\/\/sjcbancarios.com.br\/site\/wp-json\/wp\/v2\/users\/2"}],"replies":[{"embeddable":true,"href":"https:\/\/sjcbancarios.com.br\/site\/wp-json\/wp\/v2\/comments?post=13932"}],"version-history":[{"count":0,"href":"https:\/\/sjcbancarios.com.br\/site\/wp-json\/wp\/v2\/posts\/13932\/revisions"}],"wp:featuredmedia":[{"embeddable":true,"href":"https:\/\/sjcbancarios.com.br\/site\/wp-json\/wp\/v2\/media\/13933"}],"wp:attachment":[{"href":"https:\/\/sjcbancarios.com.br\/site\/wp-json\/wp\/v2\/media?parent=13932"}],"wp:term":[{"taxonomy":"category","embeddable":true,"href":"https:\/\/sjcbancarios.com.br\/site\/wp-json\/wp\/v2\/categories?post=13932"},{"taxonomy":"post_tag","embeddable":true,"href":"https:\/\/sjcbancarios.com.br\/site\/wp-json\/wp\/v2\/tags?post=13932"}],"curies":[{"name":"wp","href":"https:\/\/api.w.org\/{rel}","templated":true}]}}