{"id":13923,"date":"2021-02-12T08:02:15","date_gmt":"2021-02-12T11:02:15","guid":{"rendered":"https:\/\/sjcbancarios.com.br\/site\/?p=13923"},"modified":"2021-02-17T12:09:37","modified_gmt":"2021-02-17T15:09:37","slug":"bv-financeira-e-votorantim-assembleia-amanha-dia-12","status":"publish","type":"post","link":"https:\/\/sjcbancarios.com.br\/site\/noticias\/bv-financeira-e-votorantim-assembleia-amanha-dia-12\/","title":{"rendered":"BV FINANCEIRA E VOTORANTIM &#8211; ASSEMBLEIA, HOJE, DIA 12!"},"content":{"rendered":"<p style=\"text-align: justify;\"><span style=\"font-family: arial, helvetica, sans-serif;\">O Sindicato realiza assembleia virtual <a href=\"https:\/\/forms.gle\/47PnkdzV3qEpXRrE6\">(VOTE AQUI)<\/a> com os funcion\u00e1rios do Banco Votorantim e da BV Financeira nesta sexta- feira, dia 12, das 10h \u00e0s 22h. Na pauta, acordos coletivos de trabalho sobre o Programa Pr\u00f3prio de Participa\u00e7\u00e3o nos Resultados (PPR). <a href=\"https:\/\/sjcbancarios.com.br\/site\/noticias\/bv-e-banco-votorantim-edital-assembleia-extraordinaria-especifica\/\">Leia o Edital<\/a><\/span><\/p>\n<p><a href=\"https:\/\/sjcbancarios.com.br\/site\/wp-content\/uploads\/2021\/02\/MINUTA-PPR-BV-FINANCEIRA.pdf\">Minuta PPR BV Financeira<\/a><\/p>\n<p><a href=\"https:\/\/sjcbancarios.com.br\/site\/wp-content\/uploads\/2021\/02\/ACT-PPR-BANCO-VOTORANTIM.pdf\">ACT Banco Votorantim<\/a><\/p>\n<p><span style=\"font-family: arial, helvetica, sans-serif;\"><strong>Entenda a proposta:<\/strong><\/span><\/p>\n<p style=\"text-align: justify;\"><span style=\"font-family: arial, helvetica, sans-serif;\">Os trabalhadores da BV Financeira v\u00e3o deliberar sobre as propostas de Programa Pr\u00f3prio de Participa\u00e7\u00e3o nos Resultados da BV Financeira, para o exerc\u00edcio de 2020, a considerar o per\u00edodo de janeiro a julho; e a proposta de Acordo Coletivo de Trabalho, que tem por objeto a renova\u00e7\u00e3o do Programa Pr\u00f3prio de Participa\u00e7\u00e3o nos Resultados do Banco Votorantim, para os exerc\u00edcios de 2020 (a considerar o per\u00edodo de agosto a dezembro) e 2021 (vig\u00eancia de janeiro a dezembro).<\/span><\/p>\n<p style=\"text-align: justify;\"><span style=\"font-family: arial, helvetica, sans-serif;\">Ambos os programas de Participa\u00e7\u00e3o nos Resultados preveem valores adicionais \u00e0 PLR da Conven\u00e7\u00e3o Coletiva de Trabalho, sem qualquer compensa\u00e7\u00e3o entre os valores.<\/span><\/p>\n<p style=\"text-align: justify;\"><span style=\"font-family: arial, helvetica, sans-serif;\">Os empregados da BV Financeira foram transferidos para o Banco Votorantim em 1\u00ba de agosto de 2020, portanto passaram de financi\u00e1rios a banc\u00e1rios.<\/span><\/p>\n<p style=\"text-align: justify;\"><span style=\"font-family: arial, helvetica, sans-serif;\">A estes trabalhadores ser\u00e1 considerada a proporcionalidade dos benef\u00edcios referentes a cada categoria, de acordo com cada exerc\u00edcio, e assim tamb\u00e9m ocorrer\u00e1 quanto aos valores decorrentes de ambos os programas pr\u00f3prios.<\/span><\/p>\n<p style=\"text-align: justify;\"><span style=\"font-family: arial, helvetica, sans-serif;\">Para o exerc\u00edcio de 2020, ser\u00e3o considerados 7 (sete) \/12 (doze) avos no c\u00f4mputo das metas, aplica\u00e7\u00e3o e c\u00e1lculo dos valores a serem distribu\u00eddos a t\u00edtulo de PPR da BV Financeira e 5 (cinco) \/ 12 (doze) avos na PPR do Banco Votorantim.<\/span><\/p>\n<p style=\"text-align: justify;\"><span style=\"font-family: arial, helvetica, sans-serif;\">Para o exerc\u00edcio de 2021, somente ser\u00e1 aplicado o PPR do Banco Votorantim.<\/span><\/p>\n<p style=\"text-align: justify;\"><span style=\"font-family: arial, helvetica, sans-serif;\">O programa da BV (2020) prev\u00ea um piso de R$ 3.008,31, e o do Banco Votorantim, de R$ 2.000,00. Isso acontece para equilibrar os valores, j\u00e1 que a PLR da categoria banc\u00e1ria prev\u00ea distribui\u00e7\u00e3o maior. Para o exerc\u00edcio de 2021, este valor do piso ser\u00e1 corrigido pelo INPC\/IBGE do per\u00edodo de 12 (doze) meses (setembro a agosto), acrescido do aumento real de 0,5% (zero v\u00edrgula cinco por cento).<\/span><\/p>\n<p style=\"text-align: justify;\"><span style=\"font-family: arial, helvetica, sans-serif;\">Ambos os programas s\u00e3o renova\u00e7\u00e3o dos anos anteriores e estabelecem como crit\u00e9rios para a distribui\u00e7\u00e3o, o resultado de metas individuais e coletivas &#8211; crit\u00e9rios quantitativos e qualitativos:<\/span><\/p>\n<p style=\"text-align: justify;\"><span style=\"font-family: arial, helvetica, sans-serif;\">1.Apura\u00e7\u00e3o dos indicadores alinhados \u00e0 estrat\u00e9gia;<\/span><\/p>\n<p style=\"text-align: justify;\"><span style=\"font-family: arial, helvetica, sans-serif;\">2. Resultado consolidado, conforme regulamento do Programa;<\/span><\/p>\n<p style=\"text-align: justify;\"><span style=\"font-family: arial, helvetica, sans-serif;\">3. Valor de Refer\u00eancia, conforme pesquisa do mercado competidor;<\/span><\/p>\n<p>&nbsp;<\/p>\n<p>&nbsp;<\/p>\n<p>Fonte: SPbanc\u00e1rios<\/p>\n","protected":false},"excerpt":{"rendered":"<p class=\"excerpt\">O Sindicato realiza assembleia virtual (VOTE AQUI) com os funcion\u00e1rios do Banco Votorantim e da BV Financeira nesta sexta- feira, dia 12, das 10h \u00e0s 22h. Na pauta, acordos coletivos de trabalho sobre o Programa Pr\u00f3prio de Participa\u00e7\u00e3o nos Resultados (PPR). Leia o Edital Minuta PPR BV Financeira ACT Banco Votorantim Entenda a proposta: Os [&hellip;]<\/p>\n","protected":false},"author":2,"featured_media":13916,"comment_status":"closed","ping_status":"closed","sticky":false,"template":"","format":"standard","meta":{"_et_pb_use_builder":"","_et_pb_old_content":"","_et_gb_content_width":"","footnotes":""},"categories":[13,155],"tags":[],"class_list":["post-13923","post","type-post","status-publish","format-standard","has-post-thumbnail","hentry","category-noticias","category-noticias-em-destaque"],"_links":{"self":[{"href":"https:\/\/sjcbancarios.com.br\/site\/wp-json\/wp\/v2\/posts\/13923","targetHints":{"allow":["GET"]}}],"collection":[{"href":"https:\/\/sjcbancarios.com.br\/site\/wp-json\/wp\/v2\/posts"}],"about":[{"href":"https:\/\/sjcbancarios.com.br\/site\/wp-json\/wp\/v2\/types\/post"}],"author":[{"embeddable":true,"href":"https:\/\/sjcbancarios.com.br\/site\/wp-json\/wp\/v2\/users\/2"}],"replies":[{"embeddable":true,"href":"https:\/\/sjcbancarios.com.br\/site\/wp-json\/wp\/v2\/comments?post=13923"}],"version-history":[{"count":0,"href":"https:\/\/sjcbancarios.com.br\/site\/wp-json\/wp\/v2\/posts\/13923\/revisions"}],"wp:featuredmedia":[{"embeddable":true,"href":"https:\/\/sjcbancarios.com.br\/site\/wp-json\/wp\/v2\/media\/13916"}],"wp:attachment":[{"href":"https:\/\/sjcbancarios.com.br\/site\/wp-json\/wp\/v2\/media?parent=13923"}],"wp:term":[{"taxonomy":"category","embeddable":true,"href":"https:\/\/sjcbancarios.com.br\/site\/wp-json\/wp\/v2\/categories?post=13923"},{"taxonomy":"post_tag","embeddable":true,"href":"https:\/\/sjcbancarios.com.br\/site\/wp-json\/wp\/v2\/tags?post=13923"}],"curies":[{"name":"wp","href":"https:\/\/api.w.org\/{rel}","templated":true}]}}