{"id":13919,"date":"2021-02-11T08:31:45","date_gmt":"2021-02-11T11:31:45","guid":{"rendered":"https:\/\/sjcbancarios.com.br\/site\/?p=13919"},"modified":"2021-02-11T08:31:45","modified_gmt":"2021-02-11T11:31:45","slug":"bb-nao-avanca-em-proposta-sobre-a-gratificacao-dos-caixas","status":"publish","type":"post","link":"https:\/\/sjcbancarios.com.br\/site\/noticias-em-destaque\/bb-nao-avanca-em-proposta-sobre-a-gratificacao-dos-caixas\/","title":{"rendered":"BB n\u00e3o avan\u00e7a em proposta sobre a gratifica\u00e7\u00e3o dos caixas."},"content":{"rendered":"<p><span style=\"font-family: arial, helvetica, sans-serif;\"><em>A paralisa\u00e7\u00e3o que aconteceu ontem na regi\u00e3o, contou com a ades\u00e3o dos funcion\u00e1rios das ag\u00eancias de Campos do Jord\u00e3o e Santa Izabel.\u00a0<\/em><\/span><\/p>\n<p style=\"text-align: justify;\"><span style=\"font-family: arial, helvetica, sans-serif;\">Na manh\u00e3 de ontem, dia 10, a Comiss\u00e3o de Negocia\u00e7\u00e3o da CONTEC reuniu-se com a representa\u00e7\u00e3o do Banco do Brasil, que se manteve irredut\u00edvel e n\u00e3o aceitou negociar o fim do comissionamento de fun\u00e7\u00e3o dos caixas, nem o abono dos dias de paralisa\u00e7\u00e3o em protesto contra a proposta de reestrutura\u00e7\u00e3o do banco, que prev\u00ea 5 mil demiss\u00f5es, o fechamento de 112 ag\u00eancias, de 242 postos de atendimento e sete escrit\u00f3rios.\u00a0<\/span><\/p>\n<p style=\"text-align: justify;\"><span class=\"s2\" style=\"font-family: arial, helvetica, sans-serif;\">Inicialmente, o Banco pr\u00f4pos adiar o descomissionamento dos caixas em uma semana, desde que o movimento sindical se comprometesse encaminhar para assembleia uma proposta de manuten\u00e7\u00e3o da gratifica\u00e7\u00e3o dos caixas at\u00e9 09\/04\/2021, com o compromisso de retirar todas as a\u00e7\u00f5es que tramitam na justi\u00e7a, al\u00e9m de n\u00e3o dar entrada em novas a\u00e7\u00f5es.\u00a0<\/span><\/p>\n<p style=\"text-align: justify;\"><span style=\"font-family: arial, helvetica, sans-serif;\">&#8220;\u00c9 uma proposta desrespeitosa demais para funcionalismo, claramente o Banco n\u00e3o est\u00e1 disposto a negociar com os trabalhadores e precisamos entender que se n\u00e3o houver muita uni\u00e3o e luta, vai ser dif\u00edcil reverter esse processo. Precisamos cruzar os bra\u00e7os e intensificar o movimento&#8221;, alerta o Carlos de Souza diretor do Sindicato e funcion\u00e1rio do Banco.\u00a0<\/span><\/p>\n<p><span style=\"font-family: arial, helvetica, sans-serif;\"><strong>MOBILIZA\u00c7\u00c3O &#8211; HOJE &#8211; 11 horas<\/strong>\u00a0\u2013 Tuita\u00e7o #BBParado e #MeuBBValeMais<\/span><\/p>\n<p>Fonte: CONTEC<\/p>\n","protected":false},"excerpt":{"rendered":"<p class=\"excerpt\">A paralisa\u00e7\u00e3o que aconteceu ontem na regi\u00e3o, contou com a ades\u00e3o dos funcion\u00e1rios das ag\u00eancias de Campos do Jord\u00e3o e Santa Izabel.\u00a0 Na manh\u00e3 de ontem, dia 10, a Comiss\u00e3o de Negocia\u00e7\u00e3o da CONTEC reuniu-se com a representa\u00e7\u00e3o do Banco do Brasil, que se manteve irredut\u00edvel e n\u00e3o aceitou negociar o fim do comissionamento de [&hellip;]<\/p>\n","protected":false},"author":2,"featured_media":13921,"comment_status":"closed","ping_status":"closed","sticky":false,"template":"","format":"standard","meta":{"_et_pb_use_builder":"","_et_pb_old_content":"","_et_gb_content_width":"","footnotes":""},"categories":[155],"tags":[],"class_list":["post-13919","post","type-post","status-publish","format-standard","has-post-thumbnail","hentry","category-noticias-em-destaque"],"_links":{"self":[{"href":"https:\/\/sjcbancarios.com.br\/site\/wp-json\/wp\/v2\/posts\/13919","targetHints":{"allow":["GET"]}}],"collection":[{"href":"https:\/\/sjcbancarios.com.br\/site\/wp-json\/wp\/v2\/posts"}],"about":[{"href":"https:\/\/sjcbancarios.com.br\/site\/wp-json\/wp\/v2\/types\/post"}],"author":[{"embeddable":true,"href":"https:\/\/sjcbancarios.com.br\/site\/wp-json\/wp\/v2\/users\/2"}],"replies":[{"embeddable":true,"href":"https:\/\/sjcbancarios.com.br\/site\/wp-json\/wp\/v2\/comments?post=13919"}],"version-history":[{"count":0,"href":"https:\/\/sjcbancarios.com.br\/site\/wp-json\/wp\/v2\/posts\/13919\/revisions"}],"wp:featuredmedia":[{"embeddable":true,"href":"https:\/\/sjcbancarios.com.br\/site\/wp-json\/wp\/v2\/media\/13921"}],"wp:attachment":[{"href":"https:\/\/sjcbancarios.com.br\/site\/wp-json\/wp\/v2\/media?parent=13919"}],"wp:term":[{"taxonomy":"category","embeddable":true,"href":"https:\/\/sjcbancarios.com.br\/site\/wp-json\/wp\/v2\/categories?post=13919"},{"taxonomy":"post_tag","embeddable":true,"href":"https:\/\/sjcbancarios.com.br\/site\/wp-json\/wp\/v2\/tags?post=13919"}],"curies":[{"name":"wp","href":"https:\/\/api.w.org\/{rel}","templated":true}]}}