{"id":13911,"date":"2021-02-09T13:27:09","date_gmt":"2021-02-09T16:27:09","guid":{"rendered":"https:\/\/sjcbancarios.com.br\/site\/?p=13911"},"modified":"2021-02-11T09:04:35","modified_gmt":"2021-02-11T12:04:35","slug":"bv-e-banco-votorantim-edital-assembleia-extraordinaria-especifica","status":"publish","type":"post","link":"https:\/\/sjcbancarios.com.br\/site\/noticias\/bv-e-banco-votorantim-edital-assembleia-extraordinaria-especifica\/","title":{"rendered":"BV E BANCO VOTORANTIM- EDITAL ASSEMBLEIA EXTRAORDIN\u00c1RIA ESPEC\u00cdFICA"},"content":{"rendered":"<p style=\"text-align: justify;\"><span style=\"font-family: arial, helvetica, sans-serif;\">Sindicato dos Empregados em Estabelecimentos Banc\u00e1rios de S\u00e3o Jos\u00e9 dos Campos e Regi\u00e3o, inscrito no CNPJ\/MF sob o n\u00ba 51618023.0001.03 Registro sindical n\u00ba 199507\/1963, por seu presidente abaixo assinado, convoca todos os trabalhadores banc\u00e1rios<strong>, <\/strong>s\u00f3cios e n\u00e3o s\u00f3cios, da base territorial deste sindicato, que prestam servi\u00e7os para a BV Financeira S\/A e Banco Votorantim S\/A para participarem da Assembleia Extraordin\u00e1ria Espec\u00edfica que se realizar\u00e1 de forma remota\/virtual durante o per\u00edodo das 10:00 horas at\u00e9 \u00e0s 22:00 horas do dia 12 de fevereiro de 2021, na forma disposta no site www.sjcbancarios.com.br, onde estar\u00e3o dispon\u00edveis todas as informa\u00e7\u00f5es necess\u00e1rias para a delibera\u00e7\u00e3o acerca da seguinte pauta: 1. Aprecia\u00e7\u00e3o e delibera\u00e7\u00e3o sobre a proposta de assinatura do Acordo Coletivo de Trabalho de ades\u00e3o ao Acordo Coletivo de Trabalho sobre Programa Pr\u00f3prio de Participa\u00e7\u00e3o nos Resultados (PPR) da BV Financeira S\/A referente ao exerc\u00edcio de 2020 com vig\u00eancia de 7 (sete) meses considerando o per\u00edodo de 1\u00ba de janeiro de 2020 at\u00e9 31 de julho de 2020, estendendo seus efeitos at\u00e9 a data de efetivo pagamento, celebrado entre a BV Financeira S\/A e a Federa\u00e7\u00e3o dos Empregados em Estabelecimentos Banc\u00e1rios de S\u00e3o Paulo e Mato Grosso do Sul; 2. Aprecia\u00e7\u00e3o e delibera\u00e7\u00e3o sobre proposta de assinatura do Acordo Coletivo de Trabalho de ades\u00e3o ao Acordo Coletivo de Trabalho sobre Programa Pr\u00f3prio de Participa\u00e7\u00e3o nos Resultados (PPR) do Banco Votorantim S\/A referente aos exerc\u00edcios de 2020 e 2021 com vig\u00eancia de 2 (dois) anos considerando o per\u00edodo de 1\u00ba de janeiro de 2020 at\u00e9 31 de dezembro de 2021, estendendo seus efeitos at\u00e9 a data de efetivo pagamento, celebrado entre o Banco Votorantim S\/A e a Federa\u00e7\u00e3o dos Empregados em Estabelecimentos Banc\u00e1rios de S\u00e3o Paulo e Mato Grosso do Sul. <\/span><\/p>\n<p style=\"text-align: justify;\"><span style=\"font-family: arial, helvetica, sans-serif;\">S\u00e3o Jos\u00e9 dos Campos, 09 de Fevereiro de 2021.\u00a0\u00a0\u00a0\u00a0<\/span><\/p>\n<p>ANT\u00d4NIO MARCOS DE BARROS\u00a0\u00a0<\/p>\n<p>Presidente<\/p>\n<p>&nbsp;<\/p>\n<p>&nbsp;<\/p>\n","protected":false},"excerpt":{"rendered":"<p class=\"excerpt\">Sindicato dos Empregados em Estabelecimentos Banc\u00e1rios de S\u00e3o Jos\u00e9 dos Campos e Regi\u00e3o, inscrito no CNPJ\/MF sob o n\u00ba 51618023.0001.03 Registro sindical n\u00ba 199507\/1963, por seu presidente abaixo assinado, convoca todos os trabalhadores banc\u00e1rios, s\u00f3cios e n\u00e3o s\u00f3cios, da base territorial deste sindicato, que prestam servi\u00e7os para a BV Financeira S\/A e Banco Votorantim S\/A [&hellip;]<\/p>\n","protected":false},"author":2,"featured_media":13926,"comment_status":"closed","ping_status":"closed","sticky":false,"template":"","format":"standard","meta":{"_et_pb_use_builder":"","_et_pb_old_content":"","_et_gb_content_width":"","footnotes":""},"categories":[13],"tags":[],"class_list":["post-13911","post","type-post","status-publish","format-standard","has-post-thumbnail","hentry","category-noticias"],"_links":{"self":[{"href":"https:\/\/sjcbancarios.com.br\/site\/wp-json\/wp\/v2\/posts\/13911","targetHints":{"allow":["GET"]}}],"collection":[{"href":"https:\/\/sjcbancarios.com.br\/site\/wp-json\/wp\/v2\/posts"}],"about":[{"href":"https:\/\/sjcbancarios.com.br\/site\/wp-json\/wp\/v2\/types\/post"}],"author":[{"embeddable":true,"href":"https:\/\/sjcbancarios.com.br\/site\/wp-json\/wp\/v2\/users\/2"}],"replies":[{"embeddable":true,"href":"https:\/\/sjcbancarios.com.br\/site\/wp-json\/wp\/v2\/comments?post=13911"}],"version-history":[{"count":0,"href":"https:\/\/sjcbancarios.com.br\/site\/wp-json\/wp\/v2\/posts\/13911\/revisions"}],"wp:featuredmedia":[{"embeddable":true,"href":"https:\/\/sjcbancarios.com.br\/site\/wp-json\/wp\/v2\/media\/13926"}],"wp:attachment":[{"href":"https:\/\/sjcbancarios.com.br\/site\/wp-json\/wp\/v2\/media?parent=13911"}],"wp:term":[{"taxonomy":"category","embeddable":true,"href":"https:\/\/sjcbancarios.com.br\/site\/wp-json\/wp\/v2\/categories?post=13911"},{"taxonomy":"post_tag","embeddable":true,"href":"https:\/\/sjcbancarios.com.br\/site\/wp-json\/wp\/v2\/tags?post=13911"}],"curies":[{"name":"wp","href":"https:\/\/api.w.org\/{rel}","templated":true}]}}