{"id":13908,"date":"2021-02-09T08:25:44","date_gmt":"2021-02-09T11:25:44","guid":{"rendered":"https:\/\/sjcbancarios.com.br\/site\/?p=13908"},"modified":"2021-02-09T08:25:44","modified_gmt":"2021-02-09T11:25:44","slug":"bancarios-do-santander-aprovam-acordo-aditivo-para-horas-negativas","status":"publish","type":"post","link":"https:\/\/sjcbancarios.com.br\/site\/noticias-em-destaque\/bancarios-do-santander-aprovam-acordo-aditivo-para-horas-negativas\/","title":{"rendered":"Banc\u00e1rios do Santander aprovam Acordo Aditivo para horas negativas."},"content":{"rendered":"<p style=\"text-align: justify;\"><span style=\"font-family: arial, helvetica, sans-serif;\">Em assembleia realizada nesta segunda-feira, dia 08, os funcion\u00e1rios do Santander aprovaram a proposta de Acordo Aditivo para compensa\u00e7\u00e3o de horas negativas. O acordo \u00e9 fruto de negocia\u00e7\u00e3o dos sindicatos com o Banco que concordou em mudar o in\u00edcio da compensa\u00e7\u00e3o das horas negativas (2h por dia), de janeiro para mar\u00e7o deste ano e prorrogou o prazo de compensa\u00e7\u00e3o, passando dos atuais 12 meses para 18 meses.<\/span><\/p>\n<p style=\"text-align: justify;\"><span style=\"font-family: arial, helvetica, sans-serif;\"><strong>Resumo da proposta de Acordo Aditivo para compensa\u00e7\u00e3o de horas negativas:<\/strong><\/span><\/p>\n<p style=\"text-align: justify;\"><span style=\"font-family: arial, helvetica, sans-serif;\">&#8211; In\u00edcio da compensa\u00e7\u00e3o ser\u00e1 adiado de janeiro para mar\u00e7o, com a possibilidade de nova prorroga\u00e7\u00e3o a depender do cen\u00e1rio da pandemia de coronav\u00edrus.<\/span><\/p>\n<p style=\"text-align: justify;\"><span style=\"font-family: arial, helvetica, sans-serif;\">&#8211; Amplia\u00e7\u00e3o do prazo de compensa\u00e7\u00e3o de 12 para 18 meses.<\/span><\/p>\n<p style=\"text-align: justify;\"><span style=\"font-family: arial, helvetica, sans-serif;\">&#8211; Vetado desconto em folha de pagamento at\u00e9 encerrado o prazo de 18 meses para compensa\u00e7\u00e3o.<\/span><\/p>\n<p style=\"text-align: justify;\"><span style=\"font-family: arial, helvetica, sans-serif;\">&#8211; Em caso de demiss\u00e3o sem justa causa ou aposentadoria, \u00e9 vetado o desconto das horas negativas n\u00e3o compensadas.<\/span><\/p>\n<p>Fonte: Imprensa Sindicato dos Banc\u00e1rios de S\u00e3o Jos\u00e9 dos Campos e Regi\u00e3o<\/p>\n<p style=\"text-align: justify;\">\u00a0<\/p>\n","protected":false},"excerpt":{"rendered":"<p class=\"excerpt\">Em assembleia realizada nesta segunda-feira, dia 08, os funcion\u00e1rios do Santander aprovaram a proposta de Acordo Aditivo para compensa\u00e7\u00e3o de horas negativas. O acordo \u00e9 fruto de negocia\u00e7\u00e3o dos sindicatos com o Banco que concordou em mudar o in\u00edcio da compensa\u00e7\u00e3o das horas negativas (2h por dia), de janeiro para mar\u00e7o deste ano e prorrogou [&hellip;]<\/p>\n","protected":false},"author":2,"featured_media":13909,"comment_status":"closed","ping_status":"closed","sticky":false,"template":"","format":"standard","meta":{"_et_pb_use_builder":"","_et_pb_old_content":"","_et_gb_content_width":"","footnotes":""},"categories":[155],"tags":[],"class_list":["post-13908","post","type-post","status-publish","format-standard","has-post-thumbnail","hentry","category-noticias-em-destaque"],"_links":{"self":[{"href":"https:\/\/sjcbancarios.com.br\/site\/wp-json\/wp\/v2\/posts\/13908","targetHints":{"allow":["GET"]}}],"collection":[{"href":"https:\/\/sjcbancarios.com.br\/site\/wp-json\/wp\/v2\/posts"}],"about":[{"href":"https:\/\/sjcbancarios.com.br\/site\/wp-json\/wp\/v2\/types\/post"}],"author":[{"embeddable":true,"href":"https:\/\/sjcbancarios.com.br\/site\/wp-json\/wp\/v2\/users\/2"}],"replies":[{"embeddable":true,"href":"https:\/\/sjcbancarios.com.br\/site\/wp-json\/wp\/v2\/comments?post=13908"}],"version-history":[{"count":0,"href":"https:\/\/sjcbancarios.com.br\/site\/wp-json\/wp\/v2\/posts\/13908\/revisions"}],"wp:featuredmedia":[{"embeddable":true,"href":"https:\/\/sjcbancarios.com.br\/site\/wp-json\/wp\/v2\/media\/13909"}],"wp:attachment":[{"href":"https:\/\/sjcbancarios.com.br\/site\/wp-json\/wp\/v2\/media?parent=13908"}],"wp:term":[{"taxonomy":"category","embeddable":true,"href":"https:\/\/sjcbancarios.com.br\/site\/wp-json\/wp\/v2\/categories?post=13908"},{"taxonomy":"post_tag","embeddable":true,"href":"https:\/\/sjcbancarios.com.br\/site\/wp-json\/wp\/v2\/tags?post=13908"}],"curies":[{"name":"wp","href":"https:\/\/api.w.org\/{rel}","templated":true}]}}