{"id":13902,"date":"2021-02-08T17:16:07","date_gmt":"2021-02-08T20:16:07","guid":{"rendered":"https:\/\/sjcbancarios.com.br\/site\/?p=13902"},"modified":"2021-02-08T17:19:02","modified_gmt":"2021-02-08T20:19:02","slug":"bradesco-anuncia-a-reducao-de-mais-de-um-terco-de-sua-rede-de-agencias","status":"publish","type":"post","link":"https:\/\/sjcbancarios.com.br\/site\/noticias-em-destaque\/bradesco-anuncia-a-reducao-de-mais-de-um-terco-de-sua-rede-de-agencias\/","title":{"rendered":"Bradesco anuncia a redu\u00e7\u00e3o de mais 450 ag\u00eancias."},"content":{"rendered":"<p style=\"text-align: justify;\"><span style=\"font-family: arial, helvetica, sans-serif;\">O Bradesco anunciou na \u00faltima semana lucro l\u00edquido recorrente de R$ 19,458 bilh\u00f5es. Na ocasi\u00e3o, o presidente do Banco, Octavio de Lazari, disse em entrevista com jornalistas que deve reduzir em mais de um ter\u00e7o a sua rede de ag\u00eancias entre 2020 e 2021, o que significa o fechamento de mais de 450 ag\u00eancias.<\/span><\/p>\n<p style=\"text-align: justify;\"><span style=\"font-family: arial, helvetica, sans-serif;\">Ap\u00f3s o an\u00fancio, a Comiss\u00e3o de Organiza\u00e7\u00e3o dos Empregados (COE) Bradesco solicitou uma reuni\u00e3o com o Banco para tratar do assunto. \u201c\u00c9 preciso dialogar com o Banco. O fechamento das ag\u00eancias reflete em uma poss\u00edvel redu\u00e7\u00e3o do n\u00famero de funcion\u00e1rios\u201d, explica Lourival Rodrigues, representante da Federa\u00e7\u00e3o dos Banc\u00e1rios dos Estados de SP\/MS.<\/span><\/p>\n<p style=\"text-align: justify;\"><span style=\"font-family: arial, helvetica, sans-serif;\"><strong>Reestrutura\u00e7\u00e3o<\/strong><\/span><br \/>\n<span style=\"font-family: arial, helvetica, sans-serif;\">O fechamento das ag\u00eancias faz parte do plano de reestrutura\u00e7\u00e3o de despesas que o Bradesco tem implementado desde o ano passado, que resultou no fechamento de 7.754 postos de trabalho e 1.083 ag\u00eancias.<\/span><\/p>\n<p style=\"text-align: justify;\"><span style=\"font-family: arial, helvetica, sans-serif;\">Para 2021, a estimativa \u00e9 que sejam encerradas atividades de mais 450 ag\u00eancias. O corte total desde o in\u00edcio da reestrutura\u00e7\u00e3o significa uma redu\u00e7\u00e3o de 34,2% em rela\u00e7\u00e3o ao tamanho da rede em 2019, que contava com 4.478 ag\u00eancias.<\/span><\/p>\n<p style=\"text-align: justify;\"><span style=\"font-family: arial, helvetica, sans-serif;\">\u201c\u00c9 preciso refor\u00e7ar que estamos no meio de uma pandemia e lembra-los do acordo de n\u00e3o demitir neste per\u00edodo\u201d, explica Lourival.<\/span><\/p>\n<p style=\"text-align: justify;\"><span style=\"font-family: arial, helvetica, sans-serif;\">Fonte: Federa\u00e7\u00e3o dos banc\u00e1rios de SPMS<\/span><\/p>\n","protected":false},"excerpt":{"rendered":"<p class=\"excerpt\">O Bradesco anunciou na \u00faltima semana lucro l\u00edquido recorrente de R$ 19,458 bilh\u00f5es. Na ocasi\u00e3o, o presidente do Banco, Octavio de Lazari, disse em entrevista com jornalistas que deve reduzir em mais de um ter\u00e7o a sua rede de ag\u00eancias entre 2020 e 2021, o que significa o fechamento de mais de 450 ag\u00eancias. Ap\u00f3s [&hellip;]<\/p>\n","protected":false},"author":2,"featured_media":13903,"comment_status":"closed","ping_status":"closed","sticky":false,"template":"","format":"standard","meta":{"_et_pb_use_builder":"","_et_pb_old_content":"","_et_gb_content_width":"","footnotes":""},"categories":[155],"tags":[],"class_list":["post-13902","post","type-post","status-publish","format-standard","has-post-thumbnail","hentry","category-noticias-em-destaque"],"_links":{"self":[{"href":"https:\/\/sjcbancarios.com.br\/site\/wp-json\/wp\/v2\/posts\/13902","targetHints":{"allow":["GET"]}}],"collection":[{"href":"https:\/\/sjcbancarios.com.br\/site\/wp-json\/wp\/v2\/posts"}],"about":[{"href":"https:\/\/sjcbancarios.com.br\/site\/wp-json\/wp\/v2\/types\/post"}],"author":[{"embeddable":true,"href":"https:\/\/sjcbancarios.com.br\/site\/wp-json\/wp\/v2\/users\/2"}],"replies":[{"embeddable":true,"href":"https:\/\/sjcbancarios.com.br\/site\/wp-json\/wp\/v2\/comments?post=13902"}],"version-history":[{"count":0,"href":"https:\/\/sjcbancarios.com.br\/site\/wp-json\/wp\/v2\/posts\/13902\/revisions"}],"wp:featuredmedia":[{"embeddable":true,"href":"https:\/\/sjcbancarios.com.br\/site\/wp-json\/wp\/v2\/media\/13903"}],"wp:attachment":[{"href":"https:\/\/sjcbancarios.com.br\/site\/wp-json\/wp\/v2\/media?parent=13902"}],"wp:term":[{"taxonomy":"category","embeddable":true,"href":"https:\/\/sjcbancarios.com.br\/site\/wp-json\/wp\/v2\/categories?post=13902"},{"taxonomy":"post_tag","embeddable":true,"href":"https:\/\/sjcbancarios.com.br\/site\/wp-json\/wp\/v2\/tags?post=13902"}],"curies":[{"name":"wp","href":"https:\/\/api.w.org\/{rel}","templated":true}]}}