{"id":13893,"date":"2021-02-08T08:44:53","date_gmt":"2021-02-08T11:44:53","guid":{"rendered":"https:\/\/sjcbancarios.com.br\/site\/?p=13893"},"modified":"2021-02-08T08:49:12","modified_gmt":"2021-02-08T11:49:12","slug":"13893","status":"publish","type":"post","link":"https:\/\/sjcbancarios.com.br\/site\/noticias-em-destaque\/13893\/","title":{"rendered":""},"content":{"rendered":"<p style=\"text-align: justify;\"><em><span style=\"font-family: arial, helvetica, sans-serif;\">Banc\u00e1rios do Banco do Brasil decidem paralisar atividades na quarta-feira, dia 10.<\/span><\/em><\/p>\n<p style=\"text-align: justify;\"><span style=\"font-family: arial, helvetica, sans-serif;\">Em assembleia virtual, 83,4% dos funcion\u00e1rios deliberaram pela deflagra\u00e7\u00e3o de estado de greve, e de paralisa\u00e7\u00e3o na pr\u00f3xima quarta-feira, dia 10 de fevereiro.<\/span><\/p>\n<p style=\"text-align: justify;\"><span style=\"font-family: arial, helvetica, sans-serif;\">A decis\u00e3o dos banc\u00e1rios foi na ultima sexta-feira, dia 5, \u00e9 mais uma etapa da rea\u00e7\u00e3o contra a reestrutura\u00e7\u00e3o anunciada em janeiro pela dire\u00e7\u00e3o do Banco, que prev\u00ea fechamento de centenas de unidades, desligamento de milhares de trabalhadores, descomissionamento de fun\u00e7\u00f5es e a extin\u00e7\u00e3o do cargo de caixa.<\/span><\/p>\n<p style=\"text-align: justify;\"><span style=\"font-family: arial, helvetica, sans-serif;\">Os banc\u00e1rios do Banco do Brasil j\u00e1 realizaram atos nacionais e no dia 29 de janeiro foi realizada uma paralisa\u00e7\u00e3o de 24 horas. Tamb\u00e9m houve mobiliza\u00e7\u00f5es nas redes todos estes dias.<\/span><\/p>\n<p style=\"text-align: justify;\"><span style=\"font-family: arial, helvetica, sans-serif;\">\u201cOs funcion\u00e1rios exigem negocia\u00e7\u00e3o, n\u00e3o vamos aceitar esse desmonte do Banco sem lutar&#8221; afirma Carlos Souza, diretor do sindicato e funcion\u00e1rio do Banco.<\/span><\/p>\n<p style=\"text-align: justify;\">Fonte: Imprensa Sindicato dos banc\u00e1rios de SJCampos e Regi\u00e3o<\/p>\n","protected":false},"excerpt":{"rendered":"<p class=\"excerpt\">Banc\u00e1rios do Banco do Brasil decidem paralisar atividades na quarta-feira, dia 10. Em assembleia virtual, 83,4% dos funcion\u00e1rios deliberaram pela deflagra\u00e7\u00e3o de estado de greve, e de paralisa\u00e7\u00e3o na pr\u00f3xima quarta-feira, dia 10 de fevereiro. A decis\u00e3o dos banc\u00e1rios foi na ultima sexta-feira, dia 5, \u00e9 mais uma etapa da rea\u00e7\u00e3o contra a reestrutura\u00e7\u00e3o anunciada [&hellip;]<\/p>\n","protected":false},"author":2,"featured_media":13894,"comment_status":"closed","ping_status":"closed","sticky":false,"template":"","format":"standard","meta":{"_et_pb_use_builder":"","_et_pb_old_content":"","_et_gb_content_width":"","footnotes":""},"categories":[155],"tags":[],"class_list":["post-13893","post","type-post","status-publish","format-standard","has-post-thumbnail","hentry","category-noticias-em-destaque"],"_links":{"self":[{"href":"https:\/\/sjcbancarios.com.br\/site\/wp-json\/wp\/v2\/posts\/13893","targetHints":{"allow":["GET"]}}],"collection":[{"href":"https:\/\/sjcbancarios.com.br\/site\/wp-json\/wp\/v2\/posts"}],"about":[{"href":"https:\/\/sjcbancarios.com.br\/site\/wp-json\/wp\/v2\/types\/post"}],"author":[{"embeddable":true,"href":"https:\/\/sjcbancarios.com.br\/site\/wp-json\/wp\/v2\/users\/2"}],"replies":[{"embeddable":true,"href":"https:\/\/sjcbancarios.com.br\/site\/wp-json\/wp\/v2\/comments?post=13893"}],"version-history":[{"count":0,"href":"https:\/\/sjcbancarios.com.br\/site\/wp-json\/wp\/v2\/posts\/13893\/revisions"}],"wp:featuredmedia":[{"embeddable":true,"href":"https:\/\/sjcbancarios.com.br\/site\/wp-json\/wp\/v2\/media\/13894"}],"wp:attachment":[{"href":"https:\/\/sjcbancarios.com.br\/site\/wp-json\/wp\/v2\/media?parent=13893"}],"wp:term":[{"taxonomy":"category","embeddable":true,"href":"https:\/\/sjcbancarios.com.br\/site\/wp-json\/wp\/v2\/categories?post=13893"},{"taxonomy":"post_tag","embeddable":true,"href":"https:\/\/sjcbancarios.com.br\/site\/wp-json\/wp\/v2\/tags?post=13893"}],"curies":[{"name":"wp","href":"https:\/\/api.w.org\/{rel}","templated":true}]}}