{"id":13862,"date":"2021-02-03T14:21:22","date_gmt":"2021-02-03T17:21:22","guid":{"rendered":"https:\/\/sjcbancarios.com.br\/site\/?p=13862"},"modified":"2021-02-03T15:24:30","modified_gmt":"2021-02-03T18:24:30","slug":"coe-itau-conquista-reajuste-no-programa-bolsa-auxilio-educacao","status":"publish","type":"post","link":"https:\/\/sjcbancarios.com.br\/site\/noticias-em-destaque\/coe-itau-conquista-reajuste-no-programa-bolsa-auxilio-educacao\/","title":{"rendered":"COE Ita\u00fa conquista reajuste no Programa Bolsa Aux\u00edlio Educa\u00e7\u00e3o"},"content":{"rendered":"<p style=\"text-align: justify;\"><span style=\"font-family: arial, helvetica, sans-serif;\">Em reuni\u00e3o no dia 28, entre a comiss\u00e3o de Organiza\u00e7\u00e3o dos Empregados (COE) do Ita\u00fa e a dire\u00e7\u00e3o do Banco, realizada por videoconfer\u00eancia, ficou definido um reajuste no Programa Bolsa Aux\u00edlio Educa\u00e7\u00e3o para 2021, no valor de R$ 450, um reajuste de aproximadamente 10%, na compara\u00e7\u00e3o com o valor do ano passado. No total ser\u00e3o 5.500 bolsas de estudo oferecidas. Para 2022, o reajuste do programa ser\u00e1 o mesmo da categoria para os sal\u00e1rios, ou seja, a reposi\u00e7\u00e3o do INPC, mais 0,5%. A estimativa para o ano seguinte \u00e9 de que seja de aproximadamente R$ 480.<\/span><\/p>\n<p style=\"text-align: justify;\"><span style=\"font-family: arial, helvetica, sans-serif;\">Acesso<\/span><br \/>\n<span style=\"font-family: arial, helvetica, sans-serif;\">Para ter acesso ao Programa Bolsa Aux\u00edlio Educa\u00e7\u00e3o 2021 para a primeira e a segunda gradua\u00e7\u00e3o e para a primeira p\u00f3s gradua\u00e7\u00e3o \u00e9 necess\u00e1rio realizar a inscri\u00e7\u00e3o, aberta desde dezembro de 2020 por meio do endere\u00e7o seguinte: IU Conecta pela rota: Para mim&gt; Benef\u00edcios&gt; Bolsa Auxilio Educa\u00e7\u00e3o&gt; Inscri\u00e7\u00e3o no ranking, ou deste link. O prazo para as inscri\u00e7\u00f5es termina nesta sexta-feira, dia 29.<\/span><\/p>\n<p style=\"text-align: justify;\"><span style=\"font-family: arial, helvetica, sans-serif;\"><strong>An\u00fancios<\/strong><\/span><br \/>\n<span style=\"font-family: arial, helvetica, sans-serif;\">Ainda no quesito educa\u00e7\u00e3o foram anunciados acessos \u00e0 plataforma digital com conte\u00fados dispon\u00edveis de cursos, v\u00eddeos, palestras e f\u00f3runs voltados aos funcion\u00e1rios, dependentes, trabalhadores desligados e dirigentes sindicais.<\/span><\/p>\n<p style=\"text-align: justify;\"><span style=\"font-family: arial, helvetica, sans-serif;\">\u201cTodas essas conquistas s\u00e3o fruto de negocia\u00e7\u00e3o, organiza\u00e7\u00e3o e muito trabalho. As reivindica\u00e7\u00f5es tiveram in\u00edcio em 2009 e est\u00e3o previstas no acordo aditivo de trabalho (ACT). \u00c9 importante ressaltar que a concess\u00e3o dessas bolsas de estudo \u00e9 uma conquista dos trabalhadores, desde 2009, e est\u00e3o previstas no acordo aditivo de trabalho (ACT)\u201d, enfatiza Reginaldo Breda, secret\u00e1rio Geral da Federa\u00e7\u00e3o dos Banc\u00e1rios dos Estados de S\u00e3o Paulo e Mato Grosso do Sul.<\/span><\/p>\n<p style=\"text-align: justify;\"><span style=\"font-family: arial, helvetica, sans-serif;\">Fonte: Federa\u00e7\u00e3o dos Banc\u00e1rios de SPMS<\/span><\/p>\n<p style=\"text-align: justify;\">\u00a0<\/p>\n","protected":false},"excerpt":{"rendered":"<p class=\"excerpt\">Em reuni\u00e3o no dia 28, entre a comiss\u00e3o de Organiza\u00e7\u00e3o dos Empregados (COE) do Ita\u00fa e a dire\u00e7\u00e3o do Banco, realizada por videoconfer\u00eancia, ficou definido um reajuste no Programa Bolsa Aux\u00edlio Educa\u00e7\u00e3o para 2021, no valor de R$ 450, um reajuste de aproximadamente 10%, na compara\u00e7\u00e3o com o valor do ano passado. No total ser\u00e3o [&hellip;]<\/p>\n","protected":false},"author":2,"featured_media":13863,"comment_status":"closed","ping_status":"closed","sticky":false,"template":"","format":"standard","meta":{"_et_pb_use_builder":"","_et_pb_old_content":"","_et_gb_content_width":"","footnotes":""},"categories":[155],"tags":[],"class_list":["post-13862","post","type-post","status-publish","format-standard","has-post-thumbnail","hentry","category-noticias-em-destaque"],"_links":{"self":[{"href":"https:\/\/sjcbancarios.com.br\/site\/wp-json\/wp\/v2\/posts\/13862","targetHints":{"allow":["GET"]}}],"collection":[{"href":"https:\/\/sjcbancarios.com.br\/site\/wp-json\/wp\/v2\/posts"}],"about":[{"href":"https:\/\/sjcbancarios.com.br\/site\/wp-json\/wp\/v2\/types\/post"}],"author":[{"embeddable":true,"href":"https:\/\/sjcbancarios.com.br\/site\/wp-json\/wp\/v2\/users\/2"}],"replies":[{"embeddable":true,"href":"https:\/\/sjcbancarios.com.br\/site\/wp-json\/wp\/v2\/comments?post=13862"}],"version-history":[{"count":0,"href":"https:\/\/sjcbancarios.com.br\/site\/wp-json\/wp\/v2\/posts\/13862\/revisions"}],"wp:featuredmedia":[{"embeddable":true,"href":"https:\/\/sjcbancarios.com.br\/site\/wp-json\/wp\/v2\/media\/13863"}],"wp:attachment":[{"href":"https:\/\/sjcbancarios.com.br\/site\/wp-json\/wp\/v2\/media?parent=13862"}],"wp:term":[{"taxonomy":"category","embeddable":true,"href":"https:\/\/sjcbancarios.com.br\/site\/wp-json\/wp\/v2\/categories?post=13862"},{"taxonomy":"post_tag","embeddable":true,"href":"https:\/\/sjcbancarios.com.br\/site\/wp-json\/wp\/v2\/tags?post=13862"}],"curies":[{"name":"wp","href":"https:\/\/api.w.org\/{rel}","templated":true}]}}