{"id":13848,"date":"2021-02-03T08:22:33","date_gmt":"2021-02-03T11:22:33","guid":{"rendered":"https:\/\/sjcbancarios.com.br\/site\/?p=13848"},"modified":"2021-02-03T08:22:33","modified_gmt":"2021-02-03T11:22:33","slug":"comando-nacional-dos-bancarios-cobra-da-fenaban-maior-rigor-nas-medidas-de-combate-a-covid","status":"publish","type":"post","link":"https:\/\/sjcbancarios.com.br\/site\/noticias-em-destaque\/comando-nacional-dos-bancarios-cobra-da-fenaban-maior-rigor-nas-medidas-de-combate-a-covid\/","title":{"rendered":"Comando Nacional dos Banc\u00e1rios cobra da Fenaban maior rigor nas medidas de combate \u00e0 Covid"},"content":{"rendered":"<p style=\"text-align: justify;\">O Comando Nacional se reuniu ontem, dia 02, com a Federa\u00e7\u00e3o Nacional dos Bancos (Fenaban) para tratar de medidas de combate \u00e0 Covid-19. <br \/>\nDurante a reuni\u00e3o, que ocorreu de modo remoto e contou com a participa\u00e7\u00e3o de representantes dos banc\u00e1rios, sindicatos e federa\u00e7\u00f5es, o Comando Nacional cobrou maior rigor na fiscaliza\u00e7\u00e3o do uso de equipamentos de prote\u00e7\u00e3o, na volta e amplia\u00e7\u00e3o do home office e na realiza\u00e7\u00e3o dos protocolos preventivos nas ag\u00eancias e locais de trabalho. A an\u00e1lise das visitas fora das ag\u00eancias tamb\u00e9m foi pontuada.<\/p>\n<p style=\"text-align: justify;\">O objetivo \u00e9 proteger a categoria diante do agravamento da Covid e evitar a amplia\u00e7\u00e3o da contamina\u00e7\u00e3o no ambiente banc\u00e1rio.<\/p>\n<p style=\"text-align: justify;\">No in\u00edcio da pandemia, diversas provid\u00eancias foram colocadas em pr\u00e1tica, como teletrabalho e medidas protetivas no local de trabalho. &#8220;\u00c9 fundamental redobrarmos os cuidados no ambiente banc\u00e1rio em um momento como este. Avaliamos que a volta e a amplia\u00e7\u00e3o do teletrabalho, tamb\u00e9m \u00e9 medida essencial para reduzir os riscos de cont\u00e1gio. N\u00e3o tem sentido fazer com que funcion\u00e1rios voltem em uma fase de agravamento do n\u00famero de casos&#8221;, pontua Jeferson Boava, presidente da Federa\u00e7\u00e3o dos Banc\u00e1rios dos Estados de SP\/MS.<\/p>\n<p style=\"text-align: justify;\">De acordo com os Bancos, as medidas de controles e protocolos est\u00e3o mais r\u00edgidas, como a exig\u00eancia no uso de m\u00e1scaras de clientes e funcion\u00e1rios, uso do \u00e1lcool em gel e respeito \u00e0 dist\u00e2ncia em filas e durante os atendimentos. Os Bancos tamb\u00e9m informaram a manuten\u00e7\u00e3o dos atendimentos de telemedicina, inicialmente previsto para finalizar em dezembro de 2020.<\/p>\n<p style=\"text-align: justify;\">At\u00e9 o momento, de acordo com informa\u00e7\u00f5es de \u00f3rg\u00e3os da imprensa, o Brasil registra 9.229.322 casos de Covid-19 e 225 mil mortes.<\/p>\n<p style=\"text-align: justify;\">A reuni\u00e3o definiu, tamb\u00e9m, que haver\u00e1 discuss\u00e3o permanente sobre o tema entre o Comando Nacional e a Fenaban.<\/p>\n<p>Fonte: Federa\u00e7\u00e3o dos banc\u00e1rios de SPMS.<\/p>\n","protected":false},"excerpt":{"rendered":"<p class=\"excerpt\">O Comando Nacional se reuniu ontem, dia 02, com a Federa\u00e7\u00e3o Nacional dos Bancos (Fenaban) para tratar de medidas de combate \u00e0 Covid-19. Durante a reuni\u00e3o, que ocorreu de modo remoto e contou com a participa\u00e7\u00e3o de representantes dos banc\u00e1rios, sindicatos e federa\u00e7\u00f5es, o Comando Nacional cobrou maior rigor na fiscaliza\u00e7\u00e3o do uso de equipamentos [&hellip;]<\/p>\n","protected":false},"author":2,"featured_media":13561,"comment_status":"closed","ping_status":"closed","sticky":false,"template":"","format":"standard","meta":{"_et_pb_use_builder":"","_et_pb_old_content":"","_et_gb_content_width":"","footnotes":""},"categories":[155],"tags":[],"class_list":["post-13848","post","type-post","status-publish","format-standard","has-post-thumbnail","hentry","category-noticias-em-destaque"],"_links":{"self":[{"href":"https:\/\/sjcbancarios.com.br\/site\/wp-json\/wp\/v2\/posts\/13848","targetHints":{"allow":["GET"]}}],"collection":[{"href":"https:\/\/sjcbancarios.com.br\/site\/wp-json\/wp\/v2\/posts"}],"about":[{"href":"https:\/\/sjcbancarios.com.br\/site\/wp-json\/wp\/v2\/types\/post"}],"author":[{"embeddable":true,"href":"https:\/\/sjcbancarios.com.br\/site\/wp-json\/wp\/v2\/users\/2"}],"replies":[{"embeddable":true,"href":"https:\/\/sjcbancarios.com.br\/site\/wp-json\/wp\/v2\/comments?post=13848"}],"version-history":[{"count":0,"href":"https:\/\/sjcbancarios.com.br\/site\/wp-json\/wp\/v2\/posts\/13848\/revisions"}],"wp:featuredmedia":[{"embeddable":true,"href":"https:\/\/sjcbancarios.com.br\/site\/wp-json\/wp\/v2\/media\/13561"}],"wp:attachment":[{"href":"https:\/\/sjcbancarios.com.br\/site\/wp-json\/wp\/v2\/media?parent=13848"}],"wp:term":[{"taxonomy":"category","embeddable":true,"href":"https:\/\/sjcbancarios.com.br\/site\/wp-json\/wp\/v2\/categories?post=13848"},{"taxonomy":"post_tag","embeddable":true,"href":"https:\/\/sjcbancarios.com.br\/site\/wp-json\/wp\/v2\/tags?post=13848"}],"curies":[{"name":"wp","href":"https:\/\/api.w.org\/{rel}","templated":true}]}}