{"id":13808,"date":"2021-01-25T08:05:13","date_gmt":"2021-01-25T11:05:13","guid":{"rendered":"https:\/\/sjcbancarios.com.br\/site\/?p=13808"},"modified":"2021-01-25T08:05:13","modified_gmt":"2021-01-25T11:05:13","slug":"mobilizacao-do-sindicato-contra-reestruturacao-no-banco-do-brasil","status":"publish","type":"post","link":"https:\/\/sjcbancarios.com.br\/site\/noticias-em-destaque\/mobilizacao-do-sindicato-contra-reestruturacao-no-banco-do-brasil\/","title":{"rendered":"Mobiliza\u00e7\u00e3o do Sindicato contra reestrutura\u00e7\u00e3o no Banco do Brasil"},"content":{"rendered":"<p style=\"text-align: justify;\">No Dia Nacional de Luta contra o desmonte do Banco do Brasil, o Sindicato realizou reuni\u00f5es em ag\u00eancias e entregou carta \u00e0 popula\u00e7\u00e3o na\u00a0 regi\u00e3o central em S\u00e3o Jos\u00e9 dos Campos, chamando aten\u00e7\u00e3o para a reestrutura\u00e7\u00e3o apresentada pelo governo que visa desmontar o BB, uma das principais empresas do pa\u00eds e um dos maiores Bancos da Am\u00e9rica Latina.<\/p>\n<p><img loading=\"lazy\" decoding=\"async\" class=\"alignnone size-medium wp-image-13811\" src=\"https:\/\/sjcbancarios.com.br\/site\/wp-content\/uploads\/2021\/01\/manifesta\u00e7\u00e3o-BB-401x300.jpg\" alt=\"\" width=\"401\" height=\"300\" srcset=\"https:\/\/sjcbancarios.com.br\/site\/wp-content\/uploads\/2021\/01\/manifesta\u00e7\u00e3o-BB-401x300.jpg 401w, https:\/\/sjcbancarios.com.br\/site\/wp-content\/uploads\/2021\/01\/manifesta\u00e7\u00e3o-BB-1024x766.jpg 1024w, https:\/\/sjcbancarios.com.br\/site\/wp-content\/uploads\/2021\/01\/manifesta\u00e7\u00e3o-BB-768x574.jpg 768w, https:\/\/sjcbancarios.com.br\/site\/wp-content\/uploads\/2021\/01\/manifesta\u00e7\u00e3o-BB-24x18.jpg 24w, https:\/\/sjcbancarios.com.br\/site\/wp-content\/uploads\/2021\/01\/manifesta\u00e7\u00e3o-BB-36x27.jpg 36w, https:\/\/sjcbancarios.com.br\/site\/wp-content\/uploads\/2021\/01\/manifesta\u00e7\u00e3o-BB-48x36.jpg 48w, https:\/\/sjcbancarios.com.br\/site\/wp-content\/uploads\/2021\/01\/manifesta\u00e7\u00e3o-BB.jpg 1280w\" sizes=\"(max-width: 401px) 100vw, 401px\" \/><\/p>\n<p style=\"text-align: justify;\">Durante a manifesta\u00e7\u00e3o os diretores do Sindicato dialogaram com clientes e usu\u00e1rios do Banco sobre os resultados de uma nova reestrutura\u00e7\u00e3o que pretende fechar 361 unidades \u2013 sendo 112 ag\u00eancias, 7 escrit\u00f3rios e 242 postos de atendimento \u2013, demitir 5 mil banc\u00e1rios e descomissionar centenas de fun\u00e7\u00f5es .<\/p>\n<p style=\"text-align: justify;\">&#8220;Informamos \u00e0 popula\u00e7\u00e3o sobre a precariza\u00e7\u00e3o que vai acontecer no atendimento, em especial aos idosos e usu\u00e1rios que muitas vezes s\u00f3 tem a ag\u00eancia como canal para atendimento&#8221;, disse Ant\u00f4nio Marcos de Barros, presidente do Sindicato.<\/p>\n<p style=\"text-align: justify;\">O fechamento de ag\u00eancias f\u00edsicas tamb\u00e9m ir\u00e1 impactar no atendimento banc\u00e1rio a milhares de brasileiros de pequenos munic\u00edpios pelo Brasil que s\u00f3 contam com o BB.<\/p>\n<p style=\"text-align: justify;\">\u00a0<\/p>\n<p>Fonte: Imprensa Sindicato de S\u00e3o Jos\u00e9 dos Campos<\/p>\n<p>&nbsp;<\/p>\n<p>&nbsp;<\/p>\n","protected":false},"excerpt":{"rendered":"<p class=\"excerpt\">No Dia Nacional de Luta contra o desmonte do Banco do Brasil, o Sindicato realizou reuni\u00f5es em ag\u00eancias e entregou carta \u00e0 popula\u00e7\u00e3o na\u00a0 regi\u00e3o central em S\u00e3o Jos\u00e9 dos Campos, chamando aten\u00e7\u00e3o para a reestrutura\u00e7\u00e3o apresentada pelo governo que visa desmontar o BB, uma das principais empresas do pa\u00eds e um dos maiores Bancos [&hellip;]<\/p>\n","protected":false},"author":2,"featured_media":13810,"comment_status":"closed","ping_status":"closed","sticky":false,"template":"","format":"standard","meta":{"_et_pb_use_builder":"","_et_pb_old_content":"","_et_gb_content_width":"","footnotes":""},"categories":[155],"tags":[],"class_list":["post-13808","post","type-post","status-publish","format-standard","has-post-thumbnail","hentry","category-noticias-em-destaque"],"_links":{"self":[{"href":"https:\/\/sjcbancarios.com.br\/site\/wp-json\/wp\/v2\/posts\/13808","targetHints":{"allow":["GET"]}}],"collection":[{"href":"https:\/\/sjcbancarios.com.br\/site\/wp-json\/wp\/v2\/posts"}],"about":[{"href":"https:\/\/sjcbancarios.com.br\/site\/wp-json\/wp\/v2\/types\/post"}],"author":[{"embeddable":true,"href":"https:\/\/sjcbancarios.com.br\/site\/wp-json\/wp\/v2\/users\/2"}],"replies":[{"embeddable":true,"href":"https:\/\/sjcbancarios.com.br\/site\/wp-json\/wp\/v2\/comments?post=13808"}],"version-history":[{"count":0,"href":"https:\/\/sjcbancarios.com.br\/site\/wp-json\/wp\/v2\/posts\/13808\/revisions"}],"wp:featuredmedia":[{"embeddable":true,"href":"https:\/\/sjcbancarios.com.br\/site\/wp-json\/wp\/v2\/media\/13810"}],"wp:attachment":[{"href":"https:\/\/sjcbancarios.com.br\/site\/wp-json\/wp\/v2\/media?parent=13808"}],"wp:term":[{"taxonomy":"category","embeddable":true,"href":"https:\/\/sjcbancarios.com.br\/site\/wp-json\/wp\/v2\/categories?post=13808"},{"taxonomy":"post_tag","embeddable":true,"href":"https:\/\/sjcbancarios.com.br\/site\/wp-json\/wp\/v2\/tags?post=13808"}],"curies":[{"name":"wp","href":"https:\/\/api.w.org\/{rel}","templated":true}]}}