{"id":13789,"date":"2021-01-21T09:34:22","date_gmt":"2021-01-21T12:34:22","guid":{"rendered":"https:\/\/sjcbancarios.com.br\/site\/?p=13789"},"modified":"2021-01-21T09:36:39","modified_gmt":"2021-01-21T12:36:39","slug":"13789","status":"publish","type":"post","link":"https:\/\/sjcbancarios.com.br\/site\/noticias-em-destaque\/13789\/","title":{"rendered":""},"content":{"rendered":"<p style=\"text-align: justify;\"><span style=\"font-family: arial, helvetica, sans-serif;\">Hoje \u00e9 o Dia Nacional de Lutas contra a reestrutura\u00e7\u00e3o proposta pela dire\u00e7\u00e3o do Banco do Brasil. A reestrutura\u00e7\u00e3o, na pr\u00e1tica, \u00e9 o desmonte do Banco e prev\u00ea o fechamento de centenas de ag\u00eancias, postos de atendimento e escrit\u00f3rios, al\u00e9m da demiss\u00e3o de 5 mil funcion\u00e1rios. Um dos protestos contra esse desmonte \u00e9 o tuita\u00e7o, logo mais \u00e0s 11h, com a hashtag #MeuBBvalemais.<\/span><\/p>\n<p style=\"text-align: justify;\"><span style=\"font-family: arial, helvetica, sans-serif;\">Divulgue o tuita\u00e7o para amigos, colegas e familiares. O governo federal quer desmontar o Banco do Brasil, demitir 5 mil funcion\u00e1rios durante a quarentena e reduzir ao m\u00e1ximo a presta\u00e7\u00e3o de servi\u00e7os que o Banco faz \u00e0 popula\u00e7\u00e3o mais carente, principalmente no interior do Brasil.<\/span><\/p>\n<p style=\"text-align: justify;\"><span style=\"font-family: arial, helvetica, sans-serif;\">Al\u00e9m do tuita\u00e7o,\u00a0 em cada sindicato haver\u00e1, nos pr\u00f3ximos dias, mobiliza\u00e7\u00f5es para denunciar \u00e0 popula\u00e7\u00e3o mais esse ataque contra os trabalhadores. Participe dessa luta e divulgue o tuita\u00e7o. Esse plano de desmonte do Banco do Brasil prejudica a popula\u00e7\u00e3o pois afeta diretamente o atendimento nas ag\u00eancias. N\u00e3o se esque\u00e7a: logo mais \u00e0s 11h, tu\u00edte a hashtag #MeuBBvalemais.\u00a0<\/span><\/p>\n<p style=\"text-align: justify;\"><span style=\"font-family: arial, helvetica, sans-serif;\">Fonte: Federa\u00e7\u00e3o dos Banc\u00e1rios de SPMS<\/span><\/p>\n","protected":false},"excerpt":{"rendered":"<p class=\"excerpt\">Hoje \u00e9 o Dia Nacional de Lutas contra a reestrutura\u00e7\u00e3o proposta pela dire\u00e7\u00e3o do Banco do Brasil. A reestrutura\u00e7\u00e3o, na pr\u00e1tica, \u00e9 o desmonte do Banco e prev\u00ea o fechamento de centenas de ag\u00eancias, postos de atendimento e escrit\u00f3rios, al\u00e9m da demiss\u00e3o de 5 mil funcion\u00e1rios. Um dos protestos contra esse desmonte \u00e9 o tuita\u00e7o, [&hellip;]<\/p>\n","protected":false},"author":2,"featured_media":13792,"comment_status":"closed","ping_status":"closed","sticky":false,"template":"","format":"standard","meta":{"_et_pb_use_builder":"","_et_pb_old_content":"","_et_gb_content_width":"","footnotes":""},"categories":[155],"tags":[],"class_list":["post-13789","post","type-post","status-publish","format-standard","has-post-thumbnail","hentry","category-noticias-em-destaque"],"_links":{"self":[{"href":"https:\/\/sjcbancarios.com.br\/site\/wp-json\/wp\/v2\/posts\/13789","targetHints":{"allow":["GET"]}}],"collection":[{"href":"https:\/\/sjcbancarios.com.br\/site\/wp-json\/wp\/v2\/posts"}],"about":[{"href":"https:\/\/sjcbancarios.com.br\/site\/wp-json\/wp\/v2\/types\/post"}],"author":[{"embeddable":true,"href":"https:\/\/sjcbancarios.com.br\/site\/wp-json\/wp\/v2\/users\/2"}],"replies":[{"embeddable":true,"href":"https:\/\/sjcbancarios.com.br\/site\/wp-json\/wp\/v2\/comments?post=13789"}],"version-history":[{"count":0,"href":"https:\/\/sjcbancarios.com.br\/site\/wp-json\/wp\/v2\/posts\/13789\/revisions"}],"wp:featuredmedia":[{"embeddable":true,"href":"https:\/\/sjcbancarios.com.br\/site\/wp-json\/wp\/v2\/media\/13792"}],"wp:attachment":[{"href":"https:\/\/sjcbancarios.com.br\/site\/wp-json\/wp\/v2\/media?parent=13789"}],"wp:term":[{"taxonomy":"category","embeddable":true,"href":"https:\/\/sjcbancarios.com.br\/site\/wp-json\/wp\/v2\/categories?post=13789"},{"taxonomy":"post_tag","embeddable":true,"href":"https:\/\/sjcbancarios.com.br\/site\/wp-json\/wp\/v2\/tags?post=13789"}],"curies":[{"name":"wp","href":"https:\/\/api.w.org\/{rel}","templated":true}]}}