{"id":13770,"date":"2021-01-19T10:15:47","date_gmt":"2021-01-19T13:15:47","guid":{"rendered":"https:\/\/sjcbancarios.com.br\/site\/?p=13770"},"modified":"2021-01-21T11:59:16","modified_gmt":"2021-01-21T14:59:16","slug":"contec-pede-medidas-urgentes-em-regioes-mais-afetadas","status":"publish","type":"post","link":"https:\/\/sjcbancarios.com.br\/site\/noticias\/contec-pede-medidas-urgentes-em-regioes-mais-afetadas\/","title":{"rendered":"CONTEC pede medidas urgentes em regi\u00f5es mais afetadas"},"content":{"rendered":"<p style=\"text-align: justify;\">O presidente da CONTEC (Confedera\u00e7\u00e3o Nacional dos Trabalhadores nas Empresas de Cr\u00e9dito), Louren\u00e7o Prado, est\u00e1 em contato com os negociadores da FENABAN para solicitar medidas urgentes no sentido de proteger os banc\u00e1rios e clientes neste momento em que se agrava a pandemia do novo coronav\u00edrus no pa\u00eds.<\/p>\n<p style=\"text-align: justify;\">No estado do Amazonas, a falta de oxig\u00eanio nos hospitais colapsou todo o sistema de sa\u00fade, agravando ainda mais a situa\u00e7\u00e3o e registrando centenas de mortes. A capacidade de atendimento dos hospitais brasileiros segue complicada com o crescente registro de infectados, como \u00e9 o caso do estado de S\u00e3o Paulo, que enfrenta dificuldades com as interna\u00e7\u00f5es de pacientes com complica\u00e7\u00f5es.<\/p>\n<p style=\"text-align: justify;\">A Contec aguarda a resposta da FENABAN, no sentido de pedir o fechamento das ag\u00eancias e a restri\u00e7\u00e3o do atendimento presencial do p\u00fablico nos locais onde a situa\u00e7\u00e3o \u00e9 grave para evitar a prolifera\u00e7\u00e3o do v\u00edrus.<\/p>\n<p style=\"text-align: justify;\">&#8220;A situa\u00e7\u00e3o voltou a ser cr\u00edtica e precisamos, que medidas sejam tomadas com urg\u00eancia para proteger milhares de vidas&#8221;, disse Louren\u00e7o do Prado, presidente da Contec.<\/p>\n<p>&nbsp;<\/p>\n<p style=\"text-align: justify;\">Fonte: Contec (Confedera\u00e7\u00e3o Nacional dos Trabalhadores nas Empresas de Cr\u00e9dito)<\/p>\n","protected":false},"excerpt":{"rendered":"<p class=\"excerpt\">O presidente da CONTEC (Confedera\u00e7\u00e3o Nacional dos Trabalhadores nas Empresas de Cr\u00e9dito), Louren\u00e7o Prado, est\u00e1 em contato com os negociadores da FENABAN para solicitar medidas urgentes no sentido de proteger os banc\u00e1rios e clientes neste momento em que se agrava a pandemia do novo coronav\u00edrus no pa\u00eds. No estado do Amazonas, a falta de oxig\u00eanio [&hellip;]<\/p>\n","protected":false},"author":2,"featured_media":13771,"comment_status":"closed","ping_status":"closed","sticky":false,"template":"","format":"standard","meta":{"_et_pb_use_builder":"","_et_pb_old_content":"","_et_gb_content_width":"","footnotes":""},"categories":[13],"tags":[],"class_list":["post-13770","post","type-post","status-publish","format-standard","has-post-thumbnail","hentry","category-noticias"],"_links":{"self":[{"href":"https:\/\/sjcbancarios.com.br\/site\/wp-json\/wp\/v2\/posts\/13770","targetHints":{"allow":["GET"]}}],"collection":[{"href":"https:\/\/sjcbancarios.com.br\/site\/wp-json\/wp\/v2\/posts"}],"about":[{"href":"https:\/\/sjcbancarios.com.br\/site\/wp-json\/wp\/v2\/types\/post"}],"author":[{"embeddable":true,"href":"https:\/\/sjcbancarios.com.br\/site\/wp-json\/wp\/v2\/users\/2"}],"replies":[{"embeddable":true,"href":"https:\/\/sjcbancarios.com.br\/site\/wp-json\/wp\/v2\/comments?post=13770"}],"version-history":[{"count":0,"href":"https:\/\/sjcbancarios.com.br\/site\/wp-json\/wp\/v2\/posts\/13770\/revisions"}],"wp:featuredmedia":[{"embeddable":true,"href":"https:\/\/sjcbancarios.com.br\/site\/wp-json\/wp\/v2\/media\/13771"}],"wp:attachment":[{"href":"https:\/\/sjcbancarios.com.br\/site\/wp-json\/wp\/v2\/media?parent=13770"}],"wp:term":[{"taxonomy":"category","embeddable":true,"href":"https:\/\/sjcbancarios.com.br\/site\/wp-json\/wp\/v2\/categories?post=13770"},{"taxonomy":"post_tag","embeddable":true,"href":"https:\/\/sjcbancarios.com.br\/site\/wp-json\/wp\/v2\/tags?post=13770"}],"curies":[{"name":"wp","href":"https:\/\/api.w.org\/{rel}","templated":true}]}}