{"id":13764,"date":"2021-01-15T10:25:03","date_gmt":"2021-01-15T13:25:03","guid":{"rendered":"https:\/\/sjcbancarios.com.br\/site\/?p=13764"},"modified":"2021-01-15T10:25:03","modified_gmt":"2021-01-15T13:25:03","slug":"sindicatos-cobram-do-bb-suspensao-de-medidas-da-reestruturacao","status":"publish","type":"post","link":"https:\/\/sjcbancarios.com.br\/site\/noticias-em-destaque\/sindicatos-cobram-do-bb-suspensao-de-medidas-da-reestruturacao\/","title":{"rendered":"Sindicatos cobram do BB suspens\u00e3o de medidas da reestrutura\u00e7\u00e3o"},"content":{"rendered":"<p style=\"text-align: justify;\"><span style=\"font-family: arial, helvetica, sans-serif;\">A CONTEC se reuniu ontem quinta-feira, dia 14, com o Banco do Brasil e cobrou do Banco a suspens\u00e3o de v\u00e1rias medidas da reestrutura\u00e7\u00e3o que prejudicam os funcion\u00e1rios. O diretor do sindicato Carlos de Souza participou da reuni\u00e3o.<\/span><br \/>\n<span style=\"font-family: arial, helvetica, sans-serif;\">No in\u00edcio da reuni\u00e3o, a CONTEC protestou contra a reestrutura\u00e7\u00e3o anunciada pelo Banco na segunda-feira, dia 11 sem uma negocia\u00e7\u00e3o pr\u00e9via com os sindicatos, descumprindo a Conven\u00e7\u00e3o Coletiva de Trabalho, que estabelece negocia\u00e7\u00e3o pr\u00e9via para quest\u00f5es pertinentes \u00e0s rela\u00e7\u00f5es trabalhistas. Os representantes do BB, de maneira equivocada, entendem que neste caso n\u00e3o havia a necessidade de negocia\u00e7\u00e3o pr\u00e9via, j\u00e1 que a reestrutura\u00e7\u00e3o, na vis\u00e3o do Banco, altera somente a estrutura organizacional e o ambiente de neg\u00f3cios.<\/span><\/p>\n<p><span style=\"font-family: arial, helvetica, sans-serif;\">Os representantes dos funcion\u00e1rios afirmaram ent\u00e3o que reconhecem a necessidade de implanta\u00e7\u00e3o de inova\u00e7\u00f5es tecnol\u00f3gicas e estrat\u00e9gicas para que a empresa continue forte e competitiva no mercado, mas por outro lado, entendem que tais mudan\u00e7as n\u00e3o implicam necessariamente na retirada de direitos e que h\u00e1 bastante espa\u00e7o para negociar altera\u00e7\u00f5es na reestrutura\u00e7\u00e3o, sem prejudicar os funcion\u00e1rios e clientes da institui\u00e7\u00e3o.<\/span><\/p>\n<p><span style=\"font-family: arial, helvetica, sans-serif;\"><strong>FIM DA GRATIFICA\u00c7\u00c3O PERMANENTE PARA OS CAIXAS<\/strong><\/span><br \/>\n<span style=\"font-family: arial, helvetica, sans-serif;\">A CONTEC novamente reivindicou ao BB que reveja sua posi\u00e7\u00e3o em retirar a gratifica\u00e7\u00e3o permanente para os caixas, pois n\u00e3o se justifica a retirada se os caixas continuar\u00e3o a existir na estrutura organizacional da empresa. A hist\u00f3ria dos caixas no Banco do Brasil se confunde com a pr\u00f3pria hist\u00f3ria de mais de duzentos anos do Banco e merece respeito, principalmente porque exerceram e continuam exercendo seu trabalho com grande compet\u00eancia, mesmo durante a maior crise de sa\u00fade do pa\u00eds. Se tudo isso j\u00e1 n\u00e3o bastasse, h\u00e1 ainda os compromissos financeiros j\u00e1 assumidos e que sofrer\u00e3o um grande impacto com a perda na renda.<\/span><\/p>\n<p><span style=\"font-family: arial, helvetica, sans-serif;\">Para esta quest\u00e3o, a CONTEC apontou duas alternativas para o BB: Suspender a retirada da gratifica\u00e7\u00e3o at\u00e9 que se encontre uma alternativa via negocia\u00e7\u00e3o ou permanecer com a gratifica\u00e7\u00e3o permanente para quem j\u00e1 se encontra hoje recebendo o valor e aplicar a altera\u00e7\u00e3o daqui para a frente. O Banco do Brasil vai avaliar a proposta e responder \u00e0 demanda em breve.<\/span><\/p>\n<p><span style=\"font-family: arial, helvetica, sans-serif;\"><strong>TRANFER\u00caNCIAS COMPULS\u00d3RIAS<\/strong><\/span><br \/>\n<span style=\"font-family: arial, helvetica, sans-serif;\">Foi denunciado ao Banco que alguns gestores est\u00e3o coagindo funcion\u00e1rios a postarem concorr\u00eancia para outras pra\u00e7as, inclusive quem se encontra em home office. O Banco do Brasil tem a expectativa de que n\u00e3o ser\u00e3o necess\u00e1rias essas remo\u00e7\u00f5es devido ao fato da reestrutura\u00e7\u00e3o criar muitas vagas nos Escrit\u00f3rios e tamb\u00e9m pelos desligamentos que ir\u00e3o ocorrer pelo PDE ou PAQ. Este assunto tem trazido muita apreens\u00e3o aos funcion\u00e1rios.<\/span><\/p>\n<p style=\"text-align: justify;\"><span style=\"font-family: arial, helvetica, sans-serif;\">Os negociadores do BB afirmaram que a empresa repudia qualquer press\u00e3o para postagem de concorr\u00eancia e tamb\u00e9m para ades\u00e3o aos programas de desligamento volunt\u00e1rio e que as den\u00fancias devem ser encaminhadas pelos sindicatos para a DIPES, que tomar\u00e1 as provid\u00eancias cab\u00edveis.<\/span><\/p>\n<p><span style=\"font-family: arial, helvetica, sans-serif;\"><strong>FECHAMENTO DE AG\u00caNCIAS<\/strong><\/span><br \/>\n<span style=\"font-family: arial, helvetica, sans-serif;\">O Banco do Brasil \u00e9 um importante agente financeiro em todo o pa\u00eds, principalmente em munic\u00edpios pequenos do interior, sem contar que o banco desempenha papel importante no repasse de recursos oriundos de programas sociais e dos governos federal e estadual, sendo tamb\u00e9m o banco em que o pequeno produtor busca seu atendimento.<\/span><\/p>\n<p style=\"text-align: justify;\"><span style=\"font-family: arial, helvetica, sans-serif;\">O fechamento de ag\u00eancias nessas localidades ou a transforma\u00e7\u00e3o em PAA\u2019s prejudicar\u00e1 bastante o atendimento da popula\u00e7\u00e3o, inclusive j\u00e1 gerando reclama\u00e7\u00f5es antecipadas de diversos prefeitos e c\u00e2maras municipais, preocupados com a perspectiva de falta de atendimento banc\u00e1rio em suas localidades.<\/span><\/p>\n<p><span style=\"font-family: arial, helvetica, sans-serif;\">A CONTEC entende que o Banco precisa avaliar melhor esta decis\u00e3o.<\/span><\/p>\n<p><span style=\"font-family: arial, helvetica, sans-serif;\"><strong>PLANO DE SA\u00daDE PARA OS FUNCION\u00c1RIOS EGRESSOS DA NOSSA CAIXA<\/strong><\/span><br \/>\n<span style=\"font-family: arial, helvetica, sans-serif;\">O grande entrave para ades\u00f5es ao PDE ou PAQ por parte dos funcion\u00e1rios egressos da Nossa Caixa \u00e9 o plano de sa\u00fade na aposentadoria. A op\u00e7\u00e3o natural seria a migra\u00e7\u00e3o para o Novo FEAS ao se desligar da empresa, por\u00e9m o plano est\u00e1 fechado para novas ades\u00f5es.<\/span><\/p>\n<p style=\"text-align: justify;\"><span style=\"font-family: arial, helvetica, sans-serif;\">A outra op\u00e7\u00e3o dispon\u00edvel \u00e9 a migra\u00e7\u00e3o para o Economus Futuro. O novo plano depende da ades\u00e3o de 4 mil pessoas para operar e por ser autossustent\u00e1vel e com contribui\u00e7\u00f5es por faixa et\u00e1ria, sua mensalidade ser\u00e1 muito cara, al\u00e9m da possibilidade de reajustes a cada tr\u00eas meses.<\/span><\/p>\n<p><span style=\"font-family: arial, helvetica, sans-serif;\">Em dezembro ocorreu a primeira reuni\u00e3o com o BB para debater o plano de sa\u00fade para funcion\u00e1rios incorporados, por\u00e9m o assunto n\u00e3o evoluiu e tamb\u00e9m n\u00e3o houve at\u00e9 agora boa vontade de banco em retomar as discuss\u00f5es sobre o tema.<\/span><\/p>\n<p><span style=\"font-family: arial, helvetica, sans-serif;\">Questionado sobre o assunto, o BB limitou-se a responder que n\u00e3o h\u00e1 como alterar as regras com rela\u00e7\u00e3o ao plano de sa\u00fade para quem se desligar por aposentadoria e que esta quest\u00e3o deve ser levada em considera\u00e7\u00e3o pelo funcion\u00e1rio na hora de optar pela ades\u00e3o ao PDE ou PAQ.<\/span><\/p>\n<p><span style=\"font-family: arial, helvetica, sans-serif;\"><strong>HORAS NEGATIVAS<\/strong><\/span><br \/>\n<span style=\"font-family: arial, helvetica, sans-serif;\">Foi reivindicado o abono das horas negativas para quem se desligar atrav\u00e9s do PDE\/PAQ. O Banco vai analisar a reivindica\u00e7\u00e3o.<\/span><\/p>\n<p style=\"text-align: justify;\"><span style=\"font-family: arial, helvetica, sans-serif;\"><strong>ISONOMIA<\/strong><\/span><br \/>\n<span style=\"font-family: arial, helvetica, sans-serif;\">A CONTEC afirmou que faltou isonomia de tratamento nos planos de desligamento da reestrutura\u00e7\u00e3o, pois todos os funcion\u00e1rios deveriam ser eleg\u00edveis. Muitos funcion\u00e1rios reclamaram que desejavam sair, por\u00e9m n\u00e3o puderam fazer a ades\u00e3o por n\u00e3o serem p\u00fablico alvo do programa. O Banco do Brasil alegou que n\u00e3o faz parte da cultura da empresa lan\u00e7ar planos de demiss\u00e3o de forma regular e que seu foco \u00e9 manter os talentos dentro da institui\u00e7\u00e3o.<\/span><\/p>\n<p><span style=\"font-family: arial, helvetica, sans-serif;\"><strong>MUDAN\u00c7A DE NOMENCLATURA<\/strong><\/span><br \/>\n<span style=\"font-family: arial, helvetica, sans-serif;\">A mudan\u00e7a na nomenclatura de escritur\u00e1rio para agente de neg\u00f3cios suscitou muitas d\u00favidas com rela\u00e7\u00e3o \u00e0s atribui\u00e7\u00f5es da fun\u00e7\u00e3o. Segundo o Banco, a mudan\u00e7a n\u00e3o alterar\u00e1 o contrato de trabalho e que a mudan\u00e7a \u00e9 apenas para apresenta\u00e7\u00e3o ao mercado.<\/span><\/p>\n<p><span style=\"font-family: arial, helvetica, sans-serif;\">Os representantes do Banco do Brasil se comprometeram a levar as considera\u00e7\u00f5es e reivindica\u00e7\u00f5es da CONTEC \u00e0 governan\u00e7a do Banco e que assim que tiver uma resposta para as demandas as enviar\u00e1 para a CONTEC.<\/span><\/p>\n<p style=\"text-align: justify;\"><span style=\"font-family: arial, helvetica, sans-serif;\">Fonte: Contec<\/span><\/p>\n","protected":false},"excerpt":{"rendered":"<p class=\"excerpt\">A CONTEC se reuniu ontem quinta-feira, dia 14, com o Banco do Brasil e cobrou do Banco a suspens\u00e3o de v\u00e1rias medidas da reestrutura\u00e7\u00e3o que prejudicam os funcion\u00e1rios. O diretor do sindicato Carlos de Souza participou da reuni\u00e3o. No in\u00edcio da reuni\u00e3o, a CONTEC protestou contra a reestrutura\u00e7\u00e3o anunciada pelo Banco na segunda-feira, dia 11 [&hellip;]<\/p>\n","protected":false},"author":2,"featured_media":13765,"comment_status":"closed","ping_status":"closed","sticky":false,"template":"","format":"standard","meta":{"_et_pb_use_builder":"","_et_pb_old_content":"","_et_gb_content_width":"","footnotes":""},"categories":[155],"tags":[],"class_list":["post-13764","post","type-post","status-publish","format-standard","has-post-thumbnail","hentry","category-noticias-em-destaque"],"_links":{"self":[{"href":"https:\/\/sjcbancarios.com.br\/site\/wp-json\/wp\/v2\/posts\/13764","targetHints":{"allow":["GET"]}}],"collection":[{"href":"https:\/\/sjcbancarios.com.br\/site\/wp-json\/wp\/v2\/posts"}],"about":[{"href":"https:\/\/sjcbancarios.com.br\/site\/wp-json\/wp\/v2\/types\/post"}],"author":[{"embeddable":true,"href":"https:\/\/sjcbancarios.com.br\/site\/wp-json\/wp\/v2\/users\/2"}],"replies":[{"embeddable":true,"href":"https:\/\/sjcbancarios.com.br\/site\/wp-json\/wp\/v2\/comments?post=13764"}],"version-history":[{"count":0,"href":"https:\/\/sjcbancarios.com.br\/site\/wp-json\/wp\/v2\/posts\/13764\/revisions"}],"wp:featuredmedia":[{"embeddable":true,"href":"https:\/\/sjcbancarios.com.br\/site\/wp-json\/wp\/v2\/media\/13765"}],"wp:attachment":[{"href":"https:\/\/sjcbancarios.com.br\/site\/wp-json\/wp\/v2\/media?parent=13764"}],"wp:term":[{"taxonomy":"category","embeddable":true,"href":"https:\/\/sjcbancarios.com.br\/site\/wp-json\/wp\/v2\/categories?post=13764"},{"taxonomy":"post_tag","embeddable":true,"href":"https:\/\/sjcbancarios.com.br\/site\/wp-json\/wp\/v2\/tags?post=13764"}],"curies":[{"name":"wp","href":"https:\/\/api.w.org\/{rel}","templated":true}]}}