{"id":13746,"date":"2021-01-11T09:07:03","date_gmt":"2021-01-11T12:07:03","guid":{"rendered":"https:\/\/sjcbancarios.com.br\/site\/?p=13746"},"modified":"2021-01-21T11:57:28","modified_gmt":"2021-01-21T14:57:28","slug":"abono-das-horas-do-grupo-de-risco-depende-de-entrega-de-relatorio-medico","status":"publish","type":"post","link":"https:\/\/sjcbancarios.com.br\/site\/noticias\/abono-das-horas-do-grupo-de-risco-depende-de-entrega-de-relatorio-medico\/","title":{"rendered":"Abono das horas do grupo de risco depende de entrega de relat\u00f3rio m\u00e9dico"},"content":{"rendered":"<p style=\"text-align: justify;\"><span style=\"font-family: arial, helvetica, sans-serif;\">No pr\u00f3ximo dia 15 de janeiro \u00e9 o prazo final para a entrega dos relat\u00f3rios m\u00e9dicos para o abono das horas negativas dos funcion\u00e1rios inclu\u00eddos no grupo de risco. Nesta semana, a Comiss\u00e3o de Organiza\u00e7\u00e3o dos Empregados &#8211; COE Ita\u00fa, se reuniu com o Banco para esclarecer d\u00favidas dos funcion\u00e1rios, com rela\u00e7\u00e3o ao prazo para a entrega. De acordo com o Banco, a falta de entrega dos relat\u00f3rios gerar\u00e1 a an\u00e1lise do caso individualmente.<\/span><br \/>\n<span style=\"font-family: arial, helvetica, sans-serif;\">A exig\u00eancia \u00e9 de uma declara\u00e7\u00e3o m\u00e9dica detalhada e atualizada descrevendo o quadro de sa\u00fade do paciente e sua gravidade.<\/span><\/p>\n<p style=\"text-align: justify;\"><span style=\"font-family: arial, helvetica, sans-serif;\">A COE argumentou ao Banco a quest\u00e3o de muitos n\u00e3o conseguirem o relat\u00f3rio dentro do prazo, devido ao per\u00edodo em que muitos m\u00e9dicos encontram-se de f\u00e9rias e questionou o abono dos dias.<\/span><br \/>\n<span style=\"font-family: arial, helvetica, sans-serif;\">Em resposta, o Ita\u00fa garantiu que sim e ir\u00e1 tratar caso a caso, por meio do time de sa\u00fade que far\u00e1 a interlocu\u00e7\u00e3o entre RH e funcion\u00e1rio. De acordo com a representa\u00e7\u00e3o dos banc\u00e1rios, a data inicial foi utilizada como par\u00e2metro, uma vez que o objetivo foi dar tempo \u00e0s pessoas que precisam obter os documentos.<\/span><\/p>\n<p style=\"text-align: justify;\"><span style=\"font-family: arial, helvetica, sans-serif;\">\u201cSeguiremos na defesa para que nenhum funcion\u00e1rio seja prejudicado, mas ressaltamos que \u00e9 muito importante a agilidade na entrega dos documentos, evitando a preocupa\u00e7\u00e3o com o abono das horas e qualquer tipo de transtorno em um momento que j\u00e1 \u00e9 de dificuldades para todos\u201d, esclarece o secret\u00e1rio geral da da Federa\u00e7\u00e3o dos Empregados Banc\u00e1rios dos Estados de SP\/MS, Reginaldo Breda.<\/span><\/p>\n<p style=\"text-align: justify;\"><span style=\"font-family: arial, helvetica, sans-serif;\"><strong>Teletrabalho<\/strong><\/span><br \/>\n<span style=\"font-family: arial, helvetica, sans-serif;\">Durante a negocia\u00e7\u00e3o o Ita\u00fa informou tamb\u00e9m o pagamento da ajuda de custo para os trabalhadores que est\u00e3o em home office e aprovaram o acordo de teletrabalho. O benef\u00edcio deve ser pago ainda no m\u00eas de janeiro. O valor ser\u00e1 de R$ 160,00 retroativo a novembro e dezembro, somado a R$ 480,00 do atual semestre, de janeiro a junho de 2021.<\/span><\/p>\n<p>Fonte: Federa\u00e7\u00e3o dos Banc\u00e1rios de SPMS<\/p>\n<p>&nbsp;<\/p>\n","protected":false},"excerpt":{"rendered":"<p class=\"excerpt\">No pr\u00f3ximo dia 15 de janeiro \u00e9 o prazo final para a entrega dos relat\u00f3rios m\u00e9dicos para o abono das horas negativas dos funcion\u00e1rios inclu\u00eddos no grupo de risco. Nesta semana, a Comiss\u00e3o de Organiza\u00e7\u00e3o dos Empregados &#8211; COE Ita\u00fa, se reuniu com o Banco para esclarecer d\u00favidas dos funcion\u00e1rios, com rela\u00e7\u00e3o ao prazo para [&hellip;]<\/p>\n","protected":false},"author":2,"featured_media":13590,"comment_status":"closed","ping_status":"closed","sticky":false,"template":"","format":"standard","meta":{"_et_pb_use_builder":"","_et_pb_old_content":"","_et_gb_content_width":"","footnotes":""},"categories":[13],"tags":[],"class_list":["post-13746","post","type-post","status-publish","format-standard","has-post-thumbnail","hentry","category-noticias"],"_links":{"self":[{"href":"https:\/\/sjcbancarios.com.br\/site\/wp-json\/wp\/v2\/posts\/13746","targetHints":{"allow":["GET"]}}],"collection":[{"href":"https:\/\/sjcbancarios.com.br\/site\/wp-json\/wp\/v2\/posts"}],"about":[{"href":"https:\/\/sjcbancarios.com.br\/site\/wp-json\/wp\/v2\/types\/post"}],"author":[{"embeddable":true,"href":"https:\/\/sjcbancarios.com.br\/site\/wp-json\/wp\/v2\/users\/2"}],"replies":[{"embeddable":true,"href":"https:\/\/sjcbancarios.com.br\/site\/wp-json\/wp\/v2\/comments?post=13746"}],"version-history":[{"count":0,"href":"https:\/\/sjcbancarios.com.br\/site\/wp-json\/wp\/v2\/posts\/13746\/revisions"}],"wp:featuredmedia":[{"embeddable":true,"href":"https:\/\/sjcbancarios.com.br\/site\/wp-json\/wp\/v2\/media\/13590"}],"wp:attachment":[{"href":"https:\/\/sjcbancarios.com.br\/site\/wp-json\/wp\/v2\/media?parent=13746"}],"wp:term":[{"taxonomy":"category","embeddable":true,"href":"https:\/\/sjcbancarios.com.br\/site\/wp-json\/wp\/v2\/categories?post=13746"},{"taxonomy":"post_tag","embeddable":true,"href":"https:\/\/sjcbancarios.com.br\/site\/wp-json\/wp\/v2\/tags?post=13746"}],"curies":[{"name":"wp","href":"https:\/\/api.w.org\/{rel}","templated":true}]}}