{"id":13742,"date":"2021-01-11T09:36:38","date_gmt":"2021-01-11T12:36:38","guid":{"rendered":"https:\/\/sjcbancarios.com.br\/site\/?p=13742"},"modified":"2021-01-12T09:56:02","modified_gmt":"2021-01-12T12:56:02","slug":"banco-do-brasil-anuncia-nova-reestruturacao-2","status":"publish","type":"post","link":"https:\/\/sjcbancarios.com.br\/site\/noticias-em-destaque\/banco-do-brasil-anuncia-nova-reestruturacao-2\/","title":{"rendered":"Banco do Brasil anuncia nova reestrutura\u00e7\u00e3o"},"content":{"rendered":"<p style=\"text-align: justify;\"><span style=\"font-family: arial, helvetica, sans-serif;\"><em>Al\u00e9m do PDV, plano prev\u00ea fechamento de ag\u00eancias, perdas de gratifica\u00e7\u00e3o e redu\u00e7\u00e3o do papel do banco p\u00fablico.<\/em><\/span><\/p>\n<p style=\"text-align: justify;\"><span style=\"font-family: arial, helvetica, sans-serif;\">Na manh\u00e3 desta segunda-feira, dia 11,\u00a0 a Federa\u00e7\u00e3o dos Empregados em Estabelecimento Banc\u00e1rio dos Estados de S\u00e3o Paulo e Mato Grosso do Sul, tomou conhecimento de comunicado ao mercado da nova reestrutura\u00e7\u00e3o anunciada pelo Banco do Brasil. As mudan\u00e7as preveem a desativa\u00e7\u00e3o de 361 unidades e desligamento de cerca de cinco mil trabalhadores. Se mantida, a decis\u00e3o do Banco, al\u00e9m de prejudicar milhares de funcion\u00e1rios e funcion\u00e1rias, impactar\u00e1 toda a sociedade com o fechamento das agencias. <\/span><\/p>\n<p style=\"text-align: justify;\"><span style=\"font-family: arial, helvetica, sans-serif;\">O movimento sindical se reuniu imediatamente para orientar a categoria para resistir \u00e0s amea\u00e7as, ataques e tentativas de supress\u00e3o de direitos.\u00a0Participaram da reuni\u00e3o desta segunda-feira v\u00e1rios representantes de federa\u00e7\u00f5es de banc\u00e1rios de todo o Brasil. O plano de restrutura\u00e7\u00e3o foi considerado um ataque \u00e0 categoria e pode causar, na pr\u00e1tica, a redu\u00e7\u00e3o do papel do Banco do Brasil como banco p\u00fablico, com o fechamento de ag\u00eancias em diversas cidades do pa\u00eds. As confedera\u00e7\u00f5es e federa\u00e7\u00f5es orientaram os sindicatos a fazerem reuni\u00f5es para saber o impacto do plano nas suas bases e a repassarem essas informa\u00e7\u00f5es. Hoje, dia 12,\u00a0 a Federa\u00e7\u00e3o dos Banc\u00e1rios de SPMS, realizar\u00e1 a partir das 14 horas, reuni\u00e3o para avaliar em conjunto com os sindicatos a repercuss\u00e3o da noticia nas bases dos sindicatos.\u00a0<\/span><\/p>\n<p><span style=\"font-family: arial, helvetica, sans-serif;\">Fonte: Federa\u00e7\u00e3o dos Banc\u00e1rios de SPMS<\/span><\/p>\n","protected":false},"excerpt":{"rendered":"<p class=\"excerpt\">Al\u00e9m do PDV, plano prev\u00ea fechamento de ag\u00eancias, perdas de gratifica\u00e7\u00e3o e redu\u00e7\u00e3o do papel do banco p\u00fablico. Na manh\u00e3 desta segunda-feira, dia 11,\u00a0 a Federa\u00e7\u00e3o dos Empregados em Estabelecimento Banc\u00e1rio dos Estados de S\u00e3o Paulo e Mato Grosso do Sul, tomou conhecimento de comunicado ao mercado da nova reestrutura\u00e7\u00e3o anunciada pelo Banco do Brasil. [&hellip;]<\/p>\n","protected":false},"author":2,"featured_media":13744,"comment_status":"closed","ping_status":"closed","sticky":false,"template":"","format":"standard","meta":{"_et_pb_use_builder":"","_et_pb_old_content":"","_et_gb_content_width":"","footnotes":""},"categories":[155],"tags":[],"class_list":["post-13742","post","type-post","status-publish","format-standard","has-post-thumbnail","hentry","category-noticias-em-destaque"],"_links":{"self":[{"href":"https:\/\/sjcbancarios.com.br\/site\/wp-json\/wp\/v2\/posts\/13742","targetHints":{"allow":["GET"]}}],"collection":[{"href":"https:\/\/sjcbancarios.com.br\/site\/wp-json\/wp\/v2\/posts"}],"about":[{"href":"https:\/\/sjcbancarios.com.br\/site\/wp-json\/wp\/v2\/types\/post"}],"author":[{"embeddable":true,"href":"https:\/\/sjcbancarios.com.br\/site\/wp-json\/wp\/v2\/users\/2"}],"replies":[{"embeddable":true,"href":"https:\/\/sjcbancarios.com.br\/site\/wp-json\/wp\/v2\/comments?post=13742"}],"version-history":[{"count":0,"href":"https:\/\/sjcbancarios.com.br\/site\/wp-json\/wp\/v2\/posts\/13742\/revisions"}],"wp:featuredmedia":[{"embeddable":true,"href":"https:\/\/sjcbancarios.com.br\/site\/wp-json\/wp\/v2\/media\/13744"}],"wp:attachment":[{"href":"https:\/\/sjcbancarios.com.br\/site\/wp-json\/wp\/v2\/media?parent=13742"}],"wp:term":[{"taxonomy":"category","embeddable":true,"href":"https:\/\/sjcbancarios.com.br\/site\/wp-json\/wp\/v2\/categories?post=13742"},{"taxonomy":"post_tag","embeddable":true,"href":"https:\/\/sjcbancarios.com.br\/site\/wp-json\/wp\/v2\/tags?post=13742"}],"curies":[{"name":"wp","href":"https:\/\/api.w.org\/{rel}","templated":true}]}}