{"id":13714,"date":"2020-12-18T07:00:19","date_gmt":"2020-12-18T10:00:19","guid":{"rendered":"https:\/\/sjcbancarios.com.br\/site\/?p=13714"},"modified":"2020-12-18T07:43:55","modified_gmt":"2020-12-18T10:43:55","slug":"bancarios-do-safra-aprovam-renovacao-de-acordo","status":"publish","type":"post","link":"https:\/\/sjcbancarios.com.br\/site\/noticias-em-destaque\/bancarios-do-safra-aprovam-renovacao-de-acordo\/","title":{"rendered":"Banc\u00e1rios do Safra aprovam renova\u00e7\u00e3o de acordo"},"content":{"rendered":"<p style=\"text-align: justify;\"><span style=\"font-family: arial, helvetica, sans-serif;\">Em assembleia realizada de forma virtual nos dias 16 e 17, banc\u00e1rios da regi\u00e3o aprovaram a renova\u00e7\u00e3o do acordo coletivo\u00a0de trabalho que reconhece como banc\u00e1rios os funcion\u00e1rios que atuam nas atividades comerciais de adquir\u00eancia e\/ou credenciamento de pagamento com cart\u00f5es de cr\u00e9dito e d\u00e9bito.<\/span><\/p>\n<p style=\"text-align: justify;\"><span style=\"font-family: arial, helvetica, sans-serif;\">A aprova\u00e7\u00e3o desse acordo \u00e9 uma conquista hist\u00f3rica das entidades sindicais na luta pelo enquadramento de segmentos de trabalhadores dentro do sistema financeiro como banc\u00e1rios. Representa um avan\u00e7o que fortalece a organiza\u00e7\u00e3o dos trabalhadores.<\/span><\/p>\n<p style=\"text-align: justify;\">\u00a0<\/p>\n<p><span style=\"font-family: arial, helvetica, sans-serif;\">Fonte: Imprensa Sindicato dos banc\u00e1rios de SJCampos e Regi\u00e3o<\/span><\/p>\n<p>&nbsp;<\/p>\n","protected":false},"excerpt":{"rendered":"<p class=\"excerpt\">Em assembleia realizada de forma virtual nos dias 16 e 17, banc\u00e1rios da regi\u00e3o aprovaram a renova\u00e7\u00e3o do acordo coletivo\u00a0de trabalho que reconhece como banc\u00e1rios os funcion\u00e1rios que atuam nas atividades comerciais de adquir\u00eancia e\/ou credenciamento de pagamento com cart\u00f5es de cr\u00e9dito e d\u00e9bito. A aprova\u00e7\u00e3o desse acordo \u00e9 uma conquista hist\u00f3rica das entidades sindicais [&hellip;]<\/p>\n","protected":false},"author":2,"featured_media":13715,"comment_status":"closed","ping_status":"closed","sticky":false,"template":"","format":"standard","meta":{"_et_pb_use_builder":"","_et_pb_old_content":"","_et_gb_content_width":"","footnotes":""},"categories":[155],"tags":[],"class_list":["post-13714","post","type-post","status-publish","format-standard","has-post-thumbnail","hentry","category-noticias-em-destaque"],"_links":{"self":[{"href":"https:\/\/sjcbancarios.com.br\/site\/wp-json\/wp\/v2\/posts\/13714","targetHints":{"allow":["GET"]}}],"collection":[{"href":"https:\/\/sjcbancarios.com.br\/site\/wp-json\/wp\/v2\/posts"}],"about":[{"href":"https:\/\/sjcbancarios.com.br\/site\/wp-json\/wp\/v2\/types\/post"}],"author":[{"embeddable":true,"href":"https:\/\/sjcbancarios.com.br\/site\/wp-json\/wp\/v2\/users\/2"}],"replies":[{"embeddable":true,"href":"https:\/\/sjcbancarios.com.br\/site\/wp-json\/wp\/v2\/comments?post=13714"}],"version-history":[{"count":0,"href":"https:\/\/sjcbancarios.com.br\/site\/wp-json\/wp\/v2\/posts\/13714\/revisions"}],"wp:featuredmedia":[{"embeddable":true,"href":"https:\/\/sjcbancarios.com.br\/site\/wp-json\/wp\/v2\/media\/13715"}],"wp:attachment":[{"href":"https:\/\/sjcbancarios.com.br\/site\/wp-json\/wp\/v2\/media?parent=13714"}],"wp:term":[{"taxonomy":"category","embeddable":true,"href":"https:\/\/sjcbancarios.com.br\/site\/wp-json\/wp\/v2\/categories?post=13714"},{"taxonomy":"post_tag","embeddable":true,"href":"https:\/\/sjcbancarios.com.br\/site\/wp-json\/wp\/v2\/tags?post=13714"}],"curies":[{"name":"wp","href":"https:\/\/api.w.org\/{rel}","templated":true}]}}