{"id":13709,"date":"2020-12-17T08:33:35","date_gmt":"2020-12-17T11:33:35","guid":{"rendered":"https:\/\/sjcbancarios.com.br\/site\/?p=13709"},"modified":"2020-12-17T10:06:21","modified_gmt":"2020-12-17T13:06:21","slug":"seguranca-nas-agencias-de-negocios-foi-tema-de-negociacao-com-a-fenaban","status":"publish","type":"post","link":"https:\/\/sjcbancarios.com.br\/site\/noticias-em-destaque\/seguranca-nas-agencias-de-negocios-foi-tema-de-negociacao-com-a-fenaban\/","title":{"rendered":"Seguran\u00e7a nas ag\u00eancias de neg\u00f3cios foi tema de negocia\u00e7\u00e3o com a Fenaban"},"content":{"rendered":"<p style=\"text-align: justify;\"><span style=\"font-family: arial, helvetica, sans-serif;\">A seguran\u00e7a banc\u00e1ria foi tema de reuni\u00e3o remota desta ter\u00e7a-feira, dia 15, entre representantes da categoria banc\u00e1ria e a Federa\u00e7\u00e3o Nacional dos Bancos (Fenaban). Participaram da reuni\u00e3o representando o Sindicato o secret\u00e1rio Camilo Jos\u00e9 Preto e os diretores Fl\u00e1vio Osvaldo Prado, Carlos Alberto E Batistela e Jair dos Santos.<\/span><\/p>\n<p style=\"text-align: justify;\"><span style=\"font-family: arial, helvetica, sans-serif;\">De acordo com Camilo Jos\u00e9 Preto, secret\u00e1rio do Sindicato, \u201ca maior preocupa\u00e7\u00e3o da categoria \u00e9 a quest\u00e3o das ag\u00eancias operarem sem porta de seguran\u00e7a ou vigilantes\u201d. De acordo com os funcion\u00e1rios, a falta de seguran\u00e7a coloca em risco tanto a vida do banc\u00e1rio como a do cliente.<\/span><\/p>\n<p style=\"text-align: justify;\"><span style=\"font-family: arial, helvetica, sans-serif;\">Para os bancos, n\u00e3o h\u00e1 riscos, uma vez que tratam-se de unidades que n\u00e3o operam dinheiro. A representa\u00e7\u00e3o dos banc\u00e1rios ressaltou a exist\u00eancia de caixas eletr\u00f4nicos no sagu\u00e3o, abastecidos por terceirizadas.<\/span><\/p>\n<p style=\"text-align: justify;\"><span style=\"font-family: arial, helvetica, sans-serif;\">Para a categoria, a resposta da representa\u00e7\u00e3o dos Bancos n\u00e3o foi positiva e demonstrou a insatisfa\u00e7\u00e3o com as leis municipais e estaduais, que criam dificuldades operacionais a este modelo de ag\u00eancia.<\/span><\/p>\n<p style=\"text-align: justify;\"><span style=\"font-family: arial, helvetica, sans-serif;\">Face \u00e0 pauta apresentada, a representa\u00e7\u00e3o dos Bancos prop\u00f4s a cria\u00e7\u00e3o em conjunto de uma reda\u00e7\u00e3o nacional padr\u00e3o a ser levada \u00e0s c\u00e2maras municipais.<\/span><\/p>\n<p style=\"text-align: justify;\"><span style=\"font-family: arial, helvetica, sans-serif;\">Uma nova reuni\u00e3o ser\u00e1 agendada nos pr\u00f3ximos dias para que a Fenaban apresente suas propostas para avalia\u00e7\u00e3o do Comando Nacional dos Banc\u00e1rios e da representa\u00e7\u00e3o da categoria.<\/span><\/p>\n<p style=\"text-align: justify;\"><span style=\"font-family: arial, helvetica, sans-serif;\">Propostas<\/span><br \/>\n<span style=\"font-family: arial, helvetica, sans-serif;\">Dentre as propostas apresentadas pela representa\u00e7\u00e3o dos banc\u00e1rios e banc\u00e1rias sobre o futuro das ag\u00eancias est\u00e3o:<\/span><\/p>\n<p style=\"text-align: justify;\"><span style=\"font-family: arial, helvetica, sans-serif;\">1 &#8211; Segurar\/impedir a judicializa\u00e7\u00e3o de processos (eliminar processos) de vigilantes e banc\u00e1rios. <\/span><\/p>\n<p style=\"text-align: justify;\"><span style=\"font-family: arial, helvetica, sans-serif;\">2 &#8211; Achar proposta para o Brasil por meio de negocia\u00e7\u00f5es em mesa ou leis, para tratar sobre a quest\u00e3o da legisla\u00e7\u00e3o atual, que trata da redu\u00e7\u00e3o do contingente banc\u00e1rio.<\/span><\/p>\n<p style=\"text-align: justify;\"><span style=\"font-family: arial, helvetica, sans-serif;\">3 \u2013 Solucionar impasse sobre ag\u00eancias com ou sem dinheiro.<\/span><\/p>\n<p>&nbsp;<\/p>\n<p><span style=\"font-family: arial, helvetica, sans-serif;\">Fonte: Federa\u00e7\u00e3o dos banc\u00e1rios de SPMS<\/span><\/p>\n","protected":false},"excerpt":{"rendered":"<p class=\"excerpt\">A seguran\u00e7a banc\u00e1ria foi tema de reuni\u00e3o remota desta ter\u00e7a-feira, dia 15, entre representantes da categoria banc\u00e1ria e a Federa\u00e7\u00e3o Nacional dos Bancos (Fenaban). Participaram da reuni\u00e3o representando o Sindicato o secret\u00e1rio Camilo Jos\u00e9 Preto e os diretores Fl\u00e1vio Osvaldo Prado, Carlos Alberto E Batistela e Jair dos Santos. De acordo com Camilo Jos\u00e9 Preto, [&hellip;]<\/p>\n","protected":false},"author":2,"featured_media":13711,"comment_status":"closed","ping_status":"closed","sticky":false,"template":"","format":"standard","meta":{"_et_pb_use_builder":"","_et_pb_old_content":"","_et_gb_content_width":"","footnotes":""},"categories":[155],"tags":[],"class_list":["post-13709","post","type-post","status-publish","format-standard","has-post-thumbnail","hentry","category-noticias-em-destaque"],"_links":{"self":[{"href":"https:\/\/sjcbancarios.com.br\/site\/wp-json\/wp\/v2\/posts\/13709","targetHints":{"allow":["GET"]}}],"collection":[{"href":"https:\/\/sjcbancarios.com.br\/site\/wp-json\/wp\/v2\/posts"}],"about":[{"href":"https:\/\/sjcbancarios.com.br\/site\/wp-json\/wp\/v2\/types\/post"}],"author":[{"embeddable":true,"href":"https:\/\/sjcbancarios.com.br\/site\/wp-json\/wp\/v2\/users\/2"}],"replies":[{"embeddable":true,"href":"https:\/\/sjcbancarios.com.br\/site\/wp-json\/wp\/v2\/comments?post=13709"}],"version-history":[{"count":0,"href":"https:\/\/sjcbancarios.com.br\/site\/wp-json\/wp\/v2\/posts\/13709\/revisions"}],"wp:featuredmedia":[{"embeddable":true,"href":"https:\/\/sjcbancarios.com.br\/site\/wp-json\/wp\/v2\/media\/13711"}],"wp:attachment":[{"href":"https:\/\/sjcbancarios.com.br\/site\/wp-json\/wp\/v2\/media?parent=13709"}],"wp:term":[{"taxonomy":"category","embeddable":true,"href":"https:\/\/sjcbancarios.com.br\/site\/wp-json\/wp\/v2\/categories?post=13709"},{"taxonomy":"post_tag","embeddable":true,"href":"https:\/\/sjcbancarios.com.br\/site\/wp-json\/wp\/v2\/tags?post=13709"}],"curies":[{"name":"wp","href":"https:\/\/api.w.org\/{rel}","templated":true}]}}