{"id":13705,"date":"2020-12-17T09:24:01","date_gmt":"2020-12-17T12:24:01","guid":{"rendered":"https:\/\/sjcbancarios.com.br\/site\/?p=13705"},"modified":"2020-12-17T09:24:01","modified_gmt":"2020-12-17T12:24:01","slug":"funcionarios-do-bb-aprovam-acordo-coletivo-de-teletrabalho","status":"publish","type":"post","link":"https:\/\/sjcbancarios.com.br\/site\/noticias-em-destaque\/funcionarios-do-bb-aprovam-acordo-coletivo-de-teletrabalho\/","title":{"rendered":"Funcion\u00e1rios do BB aprovam acordo coletivo de teletrabalho"},"content":{"rendered":"<p style=\"text-align: justify;\"><span style=\"font-family: arial, helvetica, sans-serif;\">Em assembleia realizada pelo Sindicato nos dias 14 e 15, funcion\u00e1rios da regi\u00e3o aprovaram o acordo coletivo para teletrabalho.\u00a0<\/span><br \/>\n<span style=\"font-family: arial, helvetica, sans-serif;\">\u201cChegamos a um consenso ap\u00f3s muitas negocia\u00e7\u00f5es. O novo acordo atende \u00e0s necessidades do trabalhador nesse novo estilo de trabalho. Continuaremos atentos \u00e0 fiscaliza\u00e7\u00e3o do cumprimento na \u00edntegra do acordo, que consiste em direitos do trabalhador\u201d, disse Elisa Ferreira, representante da Federa\u00e7\u00e3o dos Banc\u00e1rios de SPMS.<\/span><\/p>\n<p style=\"text-align: justify;\"><span style=\"font-family: arial, helvetica, sans-serif;\">Vale lembrar que o acordo ter\u00e1 validade p\u00f3s-pandemia do novo coronav\u00edrus, como parte da nova estrutura de trabalho dos bancos e n\u00e3o deve ser confundido com o teletrabalho efetuado por pessoas do grupo de risco, uma vez que essas j\u00e1 s\u00e3o cobertas pelo acordo emergencial. Para este grupo, em caso de prorroga\u00e7\u00e3o do decreto que define Estado de Calamidade P\u00fablica (20 de mar\u00e7o a 31 de dezembro), continua em vigor o acordo emergencial, j\u00e1 aprovado anteriormente em assembleia.<\/span><\/p>\n<p style=\"text-align: justify;\"><span style=\"font-family: arial, helvetica, sans-serif;\">Acordo<\/span><br \/>\n<span style=\"font-family: arial, helvetica, sans-serif;\">O acordo foi definido durante rodadas de negocia\u00e7\u00e3o entre representantes do Banco e a Comiss\u00e3o de Empresa dos Funcion\u00e1rios do Banco do Brasil (CEBB) e estabelece a defini\u00e7\u00e3o para o trabalho remoto, bem como modalidades, ajuda de custo, equipamentos e cadeira adequada fornecidos pelo banco, manuten\u00e7\u00e3o do VR e VA nos termos da SST (Conven\u00e7\u00e3o Coletiva de Trabalho), dentre outros.<\/span><\/p>\n<p style=\"text-align: justify;\"><span style=\"font-family: arial, helvetica, sans-serif;\">A ades\u00e3o ao teletrabalho \u00e9 facultativa ao funcion\u00e1rio. Para controle da jornada, o Banco implantar\u00e1 um sistema de controle para evitar que excesso de trabalho e solicita\u00e7\u00f5es fora do expediente. O documento formalizou ainda, quest\u00f5es sobre desconex\u00e3o, manuten\u00e7\u00e3o de cuidados especiais com a sa\u00fade, canais de atendimento contra a viol\u00eancia dom\u00e9stica, manuten\u00e7\u00e3o de aux\u00edlios alimenta\u00e7\u00e3o, vale-refei\u00e7\u00e3o e vale-transporte.<\/span><\/p>\n<p style=\"text-align: justify;\"><span style=\"font-family: arial, helvetica, sans-serif;\">Confira abaixo os principais pontos do acordo:<\/span><\/p>\n<p style=\"text-align: justify;\"><span style=\"font-family: arial, helvetica, sans-serif;\">Ajuda de custo<\/span><br \/>\n<span style=\"font-family: arial, helvetica, sans-serif;\">Ajuda de custo semestral, que n\u00e3o integra na remunera\u00e7\u00e3o, no valor de R$ 480,00, totalizando R$ 960,00 por ano. Para 2020, seria paga uma parcela \u00fanica de R$ 160,00, referente aos meses de novembro e dezembro.<\/span><\/p>\n<p style=\"text-align: justify;\"><span style=\"font-family: arial, helvetica, sans-serif;\">Equipamentos<\/span><br \/>\n<span style=\"font-family: arial, helvetica, sans-serif;\">O banco vai disponibilizar equipamentos a serem retirados pelos trabalhadores (notebook, cadeira, teclado e mouse).<\/span><\/p>\n<p style=\"text-align: justify;\"><span style=\"font-family: arial, helvetica, sans-serif;\">Sa\u00fade<\/span><br \/>\n<span style=\"font-family: arial, helvetica, sans-serif;\">O Banco do Brasil deve orientar os funcion\u00e1rios sobre as medidas de preven\u00e7\u00e3o de doen\u00e7as e acidentes de trabalho.<\/span><\/p>\n<p style=\"text-align: justify;\"><span style=\"font-family: arial, helvetica, sans-serif;\">Vale-transporte<\/span><br \/>\n<span style=\"font-family: arial, helvetica, sans-serif;\">O banco deve conceder valor proporcional \u00e0 necessidade de deslocamento presencial do trabalhador, que tem de estar presente no local de trabalho quatro vezes ao m\u00eas.<\/span><\/p>\n<p style=\"text-align: justify;\"><span style=\"font-family: arial, helvetica, sans-serif;\">Vales refei\u00e7\u00e3o e alimenta\u00e7\u00e3o<\/span><br \/>\n<span style=\"font-family: arial, helvetica, sans-serif;\">Ser\u00e3o mantidos, da mesma forma como prev\u00ea a Conven\u00e7\u00e3o Coletiva de Trabalho, os vales refei\u00e7\u00e3o e alimenta\u00e7\u00e3o.<\/span><\/p>\n<p style=\"text-align: justify;\"><span style=\"font-family: arial, helvetica, sans-serif;\">Jornada<\/span><br \/>\n<span style=\"font-family: arial, helvetica, sans-serif;\">A jornada ser\u00e1 controlada atrav\u00e9s do ponto eletr\u00f4nico e ficam garantidos os intervalos de almo\u00e7o e descanso.<\/span><\/p>\n<p style=\"text-align: justify;\"><span style=\"font-family: arial, helvetica, sans-serif;\">Benef\u00edcios<\/span><br \/>\n<span style=\"font-family: arial, helvetica, sans-serif;\">O banco firmar\u00e1 conv\u00eanio com operadoras de internet, academias, fast foods, restaurantes, entre outros.<\/span><\/p>\n<p>Fonte: Federa\u00e7\u00e3o dos banc\u00e1rios de SPMS<\/p>\n","protected":false},"excerpt":{"rendered":"<p class=\"excerpt\">Em assembleia realizada pelo Sindicato nos dias 14 e 15, funcion\u00e1rios da regi\u00e3o aprovaram o acordo coletivo para teletrabalho.\u00a0 \u201cChegamos a um consenso ap\u00f3s muitas negocia\u00e7\u00f5es. O novo acordo atende \u00e0s necessidades do trabalhador nesse novo estilo de trabalho. Continuaremos atentos \u00e0 fiscaliza\u00e7\u00e3o do cumprimento na \u00edntegra do acordo, que consiste em direitos do trabalhador\u201d, [&hellip;]<\/p>\n","protected":false},"author":2,"featured_media":13706,"comment_status":"closed","ping_status":"closed","sticky":false,"template":"","format":"standard","meta":{"_et_pb_use_builder":"","_et_pb_old_content":"","_et_gb_content_width":"","footnotes":""},"categories":[155],"tags":[],"class_list":["post-13705","post","type-post","status-publish","format-standard","has-post-thumbnail","hentry","category-noticias-em-destaque"],"_links":{"self":[{"href":"https:\/\/sjcbancarios.com.br\/site\/wp-json\/wp\/v2\/posts\/13705","targetHints":{"allow":["GET"]}}],"collection":[{"href":"https:\/\/sjcbancarios.com.br\/site\/wp-json\/wp\/v2\/posts"}],"about":[{"href":"https:\/\/sjcbancarios.com.br\/site\/wp-json\/wp\/v2\/types\/post"}],"author":[{"embeddable":true,"href":"https:\/\/sjcbancarios.com.br\/site\/wp-json\/wp\/v2\/users\/2"}],"replies":[{"embeddable":true,"href":"https:\/\/sjcbancarios.com.br\/site\/wp-json\/wp\/v2\/comments?post=13705"}],"version-history":[{"count":0,"href":"https:\/\/sjcbancarios.com.br\/site\/wp-json\/wp\/v2\/posts\/13705\/revisions"}],"wp:featuredmedia":[{"embeddable":true,"href":"https:\/\/sjcbancarios.com.br\/site\/wp-json\/wp\/v2\/media\/13706"}],"wp:attachment":[{"href":"https:\/\/sjcbancarios.com.br\/site\/wp-json\/wp\/v2\/media?parent=13705"}],"wp:term":[{"taxonomy":"category","embeddable":true,"href":"https:\/\/sjcbancarios.com.br\/site\/wp-json\/wp\/v2\/categories?post=13705"},{"taxonomy":"post_tag","embeddable":true,"href":"https:\/\/sjcbancarios.com.br\/site\/wp-json\/wp\/v2\/tags?post=13705"}],"curies":[{"name":"wp","href":"https:\/\/api.w.org\/{rel}","templated":true}]}}