{"id":13650,"date":"2020-12-09T11:39:26","date_gmt":"2020-12-09T14:39:26","guid":{"rendered":"https:\/\/sjcbancarios.com.br\/site\/?p=13650"},"modified":"2020-12-09T11:39:26","modified_gmt":"2020-12-09T14:39:26","slug":"dia-10-tem-dia-de-luta-no-mercantil","status":"publish","type":"post","link":"https:\/\/sjcbancarios.com.br\/site\/noticias-em-destaque\/dia-10-tem-dia-de-luta-no-mercantil\/","title":{"rendered":"Dia 10, tem Dia de Luta no Mercantil"},"content":{"rendered":"<p><strong><em><span style=\"font-family: arial, helvetica, sans-serif;\">Quinta-feira, as 11 horas, tuita\u00e7o vai denunciar demiss\u00f5es, ass\u00e9dio moral, metas abusivas e precariedade.<\/span><\/em><\/strong><\/p>\n<p style=\"text-align: justify;\"><span style=\"font-family: arial, helvetica, sans-serif;\">A Comiss\u00e3o de Organiza\u00e7\u00e3o dos Empregados (COE) do Mercantil do Brasil decidiu realizar nesta quinta-feira, dia 10 um Dia Nacional de Lutas em rep\u00fadio \u00e0s demiss\u00f5es realizadas pelo Banco e tamb\u00e9m contra uma s\u00e9rie de problemas que afetam funcion\u00e1rios e clientes. As manifesta\u00e7\u00f5es v\u00e3o denunciar o ass\u00e9dio moral, as metas abusivas, a precariedade no atendimento banc\u00e1rio, longas filas nas ag\u00eancias. Ser\u00e1 um ato em solidariedade \u00e0s dezenas de pais e m\u00e3es de fam\u00edlias que perderam seus empregos em meio \u00e0 pandemia do coronav\u00edrus (Covid-19). Nesse dia, haver\u00e1 um tuita\u00e7o \u00e0s 11h para denunciar o Banco. A hashtag \u00e9 #QueVergonhaMercantilBrasil . Ajude a divulgar o tuita\u00e7o. Passe a hashtag para seus amigos e familiares.<\/span><\/p>\n<p style=\"text-align: justify;\"><strong><span style=\"font-family: arial, helvetica, sans-serif;\">Clientes reclamam<\/span><\/strong><\/p>\n<p style=\"text-align: justify;\"><span style=\"font-family: arial, helvetica, sans-serif;\">O Mercantil tamb\u00e9m vem sendo alvo de reclama\u00e7\u00f5es de clientes, que acabam sendo afetados pelas demiss\u00f5es. \u201cOs clientes do Mercantil do Brasil, na maioria aposentados e pensionistas do INSS, padecem nas longas filas \u00e0 espera de atendimento. Esse \u00e9 o resultado das demiss\u00f5es, pois o atendimento foi precarizado\u201d, ressaltou Marco Aur\u00e9lio Alves, coordenador da COE. Os clientes do Banco tamb\u00e9m reclamam da venda casada de produtos, o que infringe o C\u00f3digo de Defesa do Consumidor. A COE j\u00e1 denunciou essa situa\u00e7\u00e3o junto ao Recursos Humanos do banco, mas at\u00e9 o momento n\u00e3o houve uma resposta convincente.<\/span><\/p>\n<p style=\"text-align: justify;\"><span style=\"font-family: arial, helvetica, sans-serif;\">A comiss\u00e3o tamb\u00e9m denuncia as press\u00f5es sofridas pelos trabalhadores do banco. \u201cOs funcion\u00e1rios que escaparam das demiss\u00f5es, ainda t\u00eam que lidar com o ass\u00e9dio moral e com o aumento abusivo de metas, impostos por uma Superintend\u00eancia comercial sem limites. Um absurdo sem precedentes\u201d, criticou o coordenador da COE do Mercantil.<\/span><\/p>\n<p><span style=\"font-family: arial, helvetica, sans-serif;\">Fonte: Contraf SP<\/span><\/p>\n","protected":false},"excerpt":{"rendered":"<p class=\"excerpt\">Quinta-feira, as 11 horas, tuita\u00e7o vai denunciar demiss\u00f5es, ass\u00e9dio moral, metas abusivas e precariedade. A Comiss\u00e3o de Organiza\u00e7\u00e3o dos Empregados (COE) do Mercantil do Brasil decidiu realizar nesta quinta-feira, dia 10 um Dia Nacional de Lutas em rep\u00fadio \u00e0s demiss\u00f5es realizadas pelo Banco e tamb\u00e9m contra uma s\u00e9rie de problemas que afetam funcion\u00e1rios e clientes. [&hellip;]<\/p>\n","protected":false},"author":2,"featured_media":13651,"comment_status":"closed","ping_status":"closed","sticky":false,"template":"","format":"standard","meta":{"_et_pb_use_builder":"","_et_pb_old_content":"","_et_gb_content_width":"","footnotes":""},"categories":[155],"tags":[],"class_list":["post-13650","post","type-post","status-publish","format-standard","has-post-thumbnail","hentry","category-noticias-em-destaque"],"_links":{"self":[{"href":"https:\/\/sjcbancarios.com.br\/site\/wp-json\/wp\/v2\/posts\/13650","targetHints":{"allow":["GET"]}}],"collection":[{"href":"https:\/\/sjcbancarios.com.br\/site\/wp-json\/wp\/v2\/posts"}],"about":[{"href":"https:\/\/sjcbancarios.com.br\/site\/wp-json\/wp\/v2\/types\/post"}],"author":[{"embeddable":true,"href":"https:\/\/sjcbancarios.com.br\/site\/wp-json\/wp\/v2\/users\/2"}],"replies":[{"embeddable":true,"href":"https:\/\/sjcbancarios.com.br\/site\/wp-json\/wp\/v2\/comments?post=13650"}],"version-history":[{"count":0,"href":"https:\/\/sjcbancarios.com.br\/site\/wp-json\/wp\/v2\/posts\/13650\/revisions"}],"wp:featuredmedia":[{"embeddable":true,"href":"https:\/\/sjcbancarios.com.br\/site\/wp-json\/wp\/v2\/media\/13651"}],"wp:attachment":[{"href":"https:\/\/sjcbancarios.com.br\/site\/wp-json\/wp\/v2\/media?parent=13650"}],"wp:term":[{"taxonomy":"category","embeddable":true,"href":"https:\/\/sjcbancarios.com.br\/site\/wp-json\/wp\/v2\/categories?post=13650"},{"taxonomy":"post_tag","embeddable":true,"href":"https:\/\/sjcbancarios.com.br\/site\/wp-json\/wp\/v2\/tags?post=13650"}],"curies":[{"name":"wp","href":"https:\/\/api.w.org\/{rel}","templated":true}]}}