{"id":13643,"date":"2020-12-08T11:58:15","date_gmt":"2020-12-08T14:58:15","guid":{"rendered":"https:\/\/sjcbancarios.com.br\/site\/?p=13643"},"modified":"2020-12-08T12:06:52","modified_gmt":"2020-12-08T15:06:52","slug":"cee-caixa-cobra-respeito-e-transparencia-com-os-empregados","status":"publish","type":"post","link":"https:\/\/sjcbancarios.com.br\/site\/noticias-em-destaque\/cee-caixa-cobra-respeito-e-transparencia-com-os-empregados\/","title":{"rendered":"CEE\/Caixa cobra respeito e transpar\u00eancia com os empregados"},"content":{"rendered":"<p style=\"text-align: justify;\"><span style=\"font-family: arial, helvetica, sans-serif;\">Na ultima quinta-feira, dia 03, ocorreu a reuni\u00e3o da mesa permanente entre a Comiss\u00e3o Executiva dos Empregados da Caixa (CEE\/Caixa) e a dire\u00e7\u00e3o da Caixa. Entre as pautas foram discutidos temas como teletrabalho, banco de horas, metas e contrata\u00e7\u00f5es. A CEE criticou a falta de posicionamento do Banco em defesa dos empregados, citando como exemplo a charge publicada no jornal A Tarde, da Bahia, que criticou os empregados da Caixa.<\/span><\/p>\n<p style=\"text-align: justify;\"><span style=\"font-family: arial, helvetica, sans-serif;\">Nos \u00faltimos meses banc\u00e1rios e banc\u00e1rias protestaram contra as demiss\u00f5es e reestrutura\u00e7\u00e3o do Banco. Na ocasi\u00e3o o banco informou que trata-se se um movimento de mudan\u00e7as, ocorrido por conta da necessidade de redu\u00e7\u00e3o de custos e reorganiza\u00e7\u00e3o interna.<\/span><\/p>\n<p style=\"text-align: justify;\"><span style=\"font-family: arial, helvetica, sans-serif;\">\u201cA comunica\u00e7\u00e3o entre a Caixa e os funcion\u00e1rios n\u00e3o est\u00e1 clara e existe um problema evidente que demonstra falta de considera\u00e7\u00e3o com os trabalhadores, que s\u00e3o surpreendidos com mudan\u00e7as e decis\u00f5es tomadas sem qualquer planejamento. Nosso papel \u00e9 reverter essa situa\u00e7\u00e3ode de modo que tenhamos a garantia dos direitos e do respeito ao trabalhador\u201d, explica Carlos Augusto Pipoca, representante Federa\u00e7\u00e3o dos Empregados em Estabelecimentos Banc\u00e1rios dos Estados de S\u00e3o Paulo e Mato Grosso do Sul.<\/span><\/p>\n<p style=\"text-align: justify;\"><span style=\"font-family: arial, helvetica, sans-serif;\">A CEE ressaltou ainda, a import\u00e2ncia de a Caixa ter refor\u00e7ado a mesa de negocia\u00e7\u00e3o, com a presen\u00e7a de diversas \u00e1reas. O que segundo a representa\u00e7\u00e3o dos trabalhadores, possibilitou agilidade no tratamento das quest\u00f5es.<\/span><br \/>\n<span style=\"font-family: arial, helvetica, sans-serif;\">Ainda sobre as cr\u00edticas em rela\u00e7\u00e3o \u00e0 falta de comunica\u00e7\u00e3o e planejamento por parte do banco, a CEE destacou a aparente falta de estudos sobre a entrega dos pr\u00e9dios e mudan\u00e7as das unidades. \u201cN\u00e3o temos clareza de que esse movimento vai se traduzir em alguma vantagem para a Caixa, na quest\u00e3o de economia contratual ou melhorias de processos e em especial pros pr\u00f3prios empregados.\u201d, refor\u00e7ou Pipoca.<\/span><\/p>\n<p style=\"text-align: justify;\"><span style=\"font-family: arial, helvetica, sans-serif;\">De acordo com a Caixa, h\u00e1 uma diretriz de n\u00e3o trocar as pessoas de munic\u00edpios. A CEE pleiteou tamb\u00e9m, uma mesa espec\u00edfica para tratar do tema o mais breve poss\u00edvel. Mas ainda n\u00e3o houve retorno.<\/span><\/p>\n<p style=\"text-align: justify;\"><strong><span style=\"font-family: arial, helvetica, sans-serif;\">Teletrabalho<\/span><\/strong><br \/>\n<span style=\"font-family: arial, helvetica, sans-serif;\">O debate sobre o teletrabalho entre os empregados e a dire\u00e7\u00e3o da Caixa esbarrou no controle da jornada, item no qual o banco informou que n\u00e3o quer clausular o controle. A proposta apresentada pelo banco sobre o teletrabalho foi de um modelo h\u00edbrido &#8211; parte presencial, parte em home office, definido de acordo com pesquisa realizada pelo banco.<\/span><\/p>\n<p style=\"text-align: justify;\"><span style=\"font-family: arial, helvetica, sans-serif;\">A proposta apresentada pela Caixa n\u00e3o permite o controle de jornada. Eles argumentaram que o aumento na flexibilidade iria proporcionar, por exemplo, mais autonomia para os empregados. Um outro item refor\u00e7ado pela representa\u00e7\u00e3o dos empregados \u00e9 que o teletrabalho seja opcional pelo empregado e n\u00e3o uma imposi\u00e7\u00e3o da empresa.<\/span><\/p>\n<p style=\"text-align: justify;\"><span style=\"font-family: arial, helvetica, sans-serif;\">Segundo a CEE, a falta do controle de jornada pode gerar problemas na sa\u00fade do trabalhador e at\u00e9 no pagamento das horas extras. &#8220;Precisamos pensar muito sobre o teletrabalho. Sabemos de muitos empregados que est\u00e3o muito cansados devido a jornada extensiva e as metas abusivas. A aus\u00eancia do ponto eletr\u00f4nico \u00e9 muito grave, pois a longo prazo isso pode agravar os problemas de sa\u00fade dos empregados. O colega tem que ter direito a desconex\u00e3o&#8221;, avaliou Fabiana Uehara Proscholdt.<\/span><\/p>\n<p style=\"text-align: justify;\"><span style=\"font-family: arial, helvetica, sans-serif;\">A Comiss\u00e3o tamb\u00e9m cobrou da Caixa proposta de ressarcimento das despesas com energia el\u00e9trica e internet.<\/span><\/p>\n<p style=\"text-align: justify;\"><strong><span style=\"font-family: arial, helvetica, sans-serif;\">Banco de horas<\/span><\/strong><br \/>\n<span style=\"font-family: arial, helvetica, sans-serif;\">A proposta apresentada pela Caixa iria possibilitar que os empregados pudessem trabalhar duas horas a mais por dia em determinada semana para realizar a compensa\u00e7\u00e3o de um dia completo, para assuntos de seu interesse, podendo prorrogar as licen\u00e7as permitidas, ap\u00f3s negocia\u00e7\u00e3o com o gestor.<\/span><\/p>\n<p style=\"text-align: justify;\"><span style=\"font-family: arial, helvetica, sans-serif;\">A CEE aponta que o momento atual, com pagamento do aux\u00edlio emergencial e abertura das ag\u00eancias aos s\u00e1bados, com enorme sobrecarga de trabalho, dificulta a discuss\u00e3o do tema, mas que far\u00e1 an\u00e1lise e construir\u00e1 alternativas junto com as entidades e empregados.<\/span><\/p>\n<p style=\"text-align: justify;\"><strong><span style=\"font-family: arial, helvetica, sans-serif;\">Contrata\u00e7\u00f5es<\/span><\/strong><br \/>\n<span style=\"font-family: arial, helvetica, sans-serif;\">A CEE\/Caixa j\u00e1 havia enviado um of\u00edcio cobrando a dire\u00e7\u00e3o do banco para mais contrata\u00e7\u00f5es. Com o PDV e sem reposi\u00e7\u00e3o aumentar\u00e1 a sobrecarga para todos os trabalhadores.<\/span><\/p>\n<p style=\"text-align: justify;\"><span style=\"font-family: arial, helvetica, sans-serif;\">A Caixa informou n\u00e3o haver autoriza\u00e7\u00e3o da Secretaria de Coordena\u00e7\u00e3o e Governan\u00e7a das Empresas Estatais (SEST) para fazer mais contrata\u00e7\u00f5es. Al\u00e9m disso, os representantes da dire\u00e7\u00e3o do banco afirmaram que o perfil dos clientes tem mudado para um modelo mais aut\u00f4nomo e menos dependente das ag\u00eancias, e que, at\u00e9 o momento, n\u00e3o h\u00e1 a previs\u00e3o do fechamento de unidades, que \u00e9 algo que poderia recompor as equipes das unidades restantes.<\/span><\/p>\n<p style=\"text-align: justify;\"><strong><span style=\"font-family: arial, helvetica, sans-serif;\">Recolhimento das fun\u00e7\u00f5es<\/span><\/strong><br \/>\n<span style=\"font-family: arial, helvetica, sans-serif;\">A CEE questionou o recolhimento das fun\u00e7\u00f5es de empregados que aderiram ao PDV. A Caixa respondeu que tal movimento j\u00e1 teria ocorrido em PDVs anteriores, e que as fun\u00e7\u00f5es consideradas estrat\u00e9gicas n\u00e3o seriam recolhidas. Caixas, Tesoureiros, Assistentes e outras, n\u00e3o foram consideradas estrat\u00e9gicas pela empresa.<\/span><\/p>\n<p style=\"text-align: justify;\"><strong><span style=\"font-family: arial, helvetica, sans-serif;\">PQV<\/span><\/strong><br \/>\n<span style=\"font-family: arial, helvetica, sans-serif;\">A Caixa apresentou o Programa de Incentivo \u00e0s Pr\u00e1ticas de Vendas (PQV). A Comiss\u00e3o destacou que o programa responsabiliza o empregado que trabalha para alcan\u00e7ar as metas abusivas impostas pela pr\u00f3pria Caixa. Devido ao hor\u00e1rio extenso da reuni\u00e3o, o assunto ficou pendente e ainda ser\u00e1 debatido mais profundamente em uma pr\u00f3xima mesa de negocia\u00e7\u00e3o.<\/span><\/p>\n<p style=\"text-align: justify;\"><strong><span style=\"font-family: arial, helvetica, sans-serif;\">Outras decis\u00f5es:<\/span><\/strong><br \/>\n<span style=\"font-family: arial, helvetica, sans-serif;\">&#8211; O trabalho remoto continua at\u00e9 o dia 30 de janeiro de 2021<\/span><br \/>\n<span style=\"font-family: arial, helvetica, sans-serif;\">&#8211; A CEE reivindicou a renova\u00e7\u00e3o do acordo da Comiss\u00e3o de Concilia\u00e7\u00e3o Volunt\u00e1ria (CCV), que vence em 31\/12\/2020. A Caixa respondeu que est\u00e1 alterando a minuta e ir\u00e1 submeter \u00e0 Comiss\u00e3o, que solicitou que o processo seja agilizado.<\/span><br \/>\n<span style=\"font-family: arial, helvetica, sans-serif;\">&#8211; Houve cobran\u00e7a ainda sobre a readequa\u00e7\u00e3o das metas pois os empregados est\u00e3o j\u00e1 estafados<\/span><br \/>\n<span style=\"font-family: arial, helvetica, sans-serif;\">&#8211; A CEE solicitou novamente a n\u00e3o abertura das ag\u00eancias aos s\u00e1bados. Houve um compromisso em mesa de negocia\u00e7\u00e3o por parte da Caixa de que iria negociar junto ao governo um calend\u00e1rio que n\u00e3o necessite do trabalho aos s\u00e1bados.<\/span><br \/>\n<span style=\"font-family: arial, helvetica, sans-serif;\">&#8211; A Comiss\u00e3o pediu ainda um refor\u00e7o nos protocolos contra o Covid19 nas unidades<\/span><br \/>\n<span style=\"font-family: arial, helvetica, sans-serif;\">&#8211; GT Promo\u00e7\u00e3o por M\u00e9rito: Questionada pela CEE, a Caixa respondeu que deve agendar uma data para a pr\u00f3xima semana.<\/span><br \/>\n<span style=\"font-family: arial, helvetica, sans-serif;\">&#8211; GT Sa\u00fade Caixa: A Caixa respondeu que houve uma reestrutura\u00e7\u00e3o na \u00e1rea, e que deve agendar a reuni\u00e3o para os pr\u00f3ximos dias.<\/span><\/p>\n<p>Fonte: Federa\u00e7\u00e3o dos banc\u00e1rios de SPMS<\/p>\n","protected":false},"excerpt":{"rendered":"<p class=\"excerpt\">Na ultima quinta-feira, dia 03, ocorreu a reuni\u00e3o da mesa permanente entre a Comiss\u00e3o Executiva dos Empregados da Caixa (CEE\/Caixa) e a dire\u00e7\u00e3o da Caixa. Entre as pautas foram discutidos temas como teletrabalho, banco de horas, metas e contrata\u00e7\u00f5es. A CEE criticou a falta de posicionamento do Banco em defesa dos empregados, citando como exemplo [&hellip;]<\/p>\n","protected":false},"author":2,"featured_media":13644,"comment_status":"closed","ping_status":"closed","sticky":false,"template":"","format":"standard","meta":{"_et_pb_use_builder":"","_et_pb_old_content":"","_et_gb_content_width":"","footnotes":""},"categories":[155],"tags":[],"class_list":["post-13643","post","type-post","status-publish","format-standard","has-post-thumbnail","hentry","category-noticias-em-destaque"],"_links":{"self":[{"href":"https:\/\/sjcbancarios.com.br\/site\/wp-json\/wp\/v2\/posts\/13643","targetHints":{"allow":["GET"]}}],"collection":[{"href":"https:\/\/sjcbancarios.com.br\/site\/wp-json\/wp\/v2\/posts"}],"about":[{"href":"https:\/\/sjcbancarios.com.br\/site\/wp-json\/wp\/v2\/types\/post"}],"author":[{"embeddable":true,"href":"https:\/\/sjcbancarios.com.br\/site\/wp-json\/wp\/v2\/users\/2"}],"replies":[{"embeddable":true,"href":"https:\/\/sjcbancarios.com.br\/site\/wp-json\/wp\/v2\/comments?post=13643"}],"version-history":[{"count":0,"href":"https:\/\/sjcbancarios.com.br\/site\/wp-json\/wp\/v2\/posts\/13643\/revisions"}],"wp:featuredmedia":[{"embeddable":true,"href":"https:\/\/sjcbancarios.com.br\/site\/wp-json\/wp\/v2\/media\/13644"}],"wp:attachment":[{"href":"https:\/\/sjcbancarios.com.br\/site\/wp-json\/wp\/v2\/media?parent=13643"}],"wp:term":[{"taxonomy":"category","embeddable":true,"href":"https:\/\/sjcbancarios.com.br\/site\/wp-json\/wp\/v2\/categories?post=13643"},{"taxonomy":"post_tag","embeddable":true,"href":"https:\/\/sjcbancarios.com.br\/site\/wp-json\/wp\/v2\/tags?post=13643"}],"curies":[{"name":"wp","href":"https:\/\/api.w.org\/{rel}","templated":true}]}}