{"id":13640,"date":"2020-12-08T11:38:06","date_gmt":"2020-12-08T14:38:06","guid":{"rendered":"https:\/\/sjcbancarios.com.br\/site\/?p=13640"},"modified":"2020-12-08T11:38:06","modified_gmt":"2020-12-08T14:38:06","slug":"mesa-de-saude-cobra-mais-rigor-nas-medidas-de-prevencao-a-covid-19-nos-bancos","status":"publish","type":"post","link":"https:\/\/sjcbancarios.com.br\/site\/noticias-em-destaque\/mesa-de-saude-cobra-mais-rigor-nas-medidas-de-prevencao-a-covid-19-nos-bancos\/","title":{"rendered":"Mesa de Sa\u00fade cobra mais rigor nas medidas de preven\u00e7\u00e3o \u00e0 Covid-19 nos Bancos"},"content":{"rendered":"<p style=\"text-align: justify;\"><span style=\"font-family: arial, helvetica, sans-serif;\">A Federa\u00e7\u00e3o dos Banc\u00e1rios dos Estados de SP e MS participou nesta quarta-feira, dia 02, da mesa bipartite de Sa\u00fade entre o Comando Nacional dos Banc\u00e1rios e a Federa\u00e7\u00e3o Nacional dos Bancos (Fenaban).<\/span><\/p>\n<p style=\"text-align: justify;\"><span style=\"font-family: arial, helvetica, sans-serif;\">O movimento sindical reivindicou esclarecimento para regras b\u00e1sicas de protocolos, inclus\u00e3o da categoria banc\u00e1ria entre os setores priorit\u00e1rios para a vacina contra a Covid-19, desconto das complementa\u00e7\u00f5es do aux\u00edlio-doen\u00e7a e principalmente, mais rigor nas medidas de preven\u00e7\u00e3o \u00e0 Covid-19. <\/span><\/p>\n<p style=\"text-align: justify;\"><span style=\"font-family: arial, helvetica, sans-serif;\">\u201cApesar da Fenaban insistir que as medidas de fortalecimento dos protocolos j\u00e1 foram tomadas, demonstramos diversos exemplos de que esse rigor n\u00e3o chegou na ponta\u201d, explica Gustavo Frias.<\/span><\/p>\n<p style=\"text-align: justify;\"><span style=\"font-family: arial, helvetica, sans-serif;\">Para tratar dos assuntos relacionados ao Covid-19, em caso de dificuldade no atendimento das demandas dos sindicatos aos Bancos, foi reaberto o canal de comunica\u00e7\u00e3o direto. Quanto \u00e0 devolu\u00e7\u00e3o dos valores adiantados pelos Bancos como o benef\u00edcio aux\u00edlio doen\u00e7a, a Fenaban informou que a discuss\u00e3o ser\u00e1 tratada Banco a Banco. Com rela\u00e7\u00e3o ao pedido de prioriza\u00e7\u00e3o da vacina \u00e0 categoria, o entendimento tanto da Fenaban como do Comando Nacional, foi o de que a categoria \u00e9 um dos setores essenciais para manter a sociedade durante a pandemia e que deve estar entre os setores que receber\u00e3o a prote\u00e7\u00e3o na fase inicial.<\/span><\/p>\n<p>Fonte: Federa\u00e7\u00e3o dos banc\u00e1rios de SPMS<\/p>\n","protected":false},"excerpt":{"rendered":"<p class=\"excerpt\">A Federa\u00e7\u00e3o dos Banc\u00e1rios dos Estados de SP e MS participou nesta quarta-feira, dia 02, da mesa bipartite de Sa\u00fade entre o Comando Nacional dos Banc\u00e1rios e a Federa\u00e7\u00e3o Nacional dos Bancos (Fenaban). O movimento sindical reivindicou esclarecimento para regras b\u00e1sicas de protocolos, inclus\u00e3o da categoria banc\u00e1ria entre os setores priorit\u00e1rios para a vacina contra [&hellip;]<\/p>\n","protected":false},"author":2,"featured_media":13641,"comment_status":"closed","ping_status":"closed","sticky":false,"template":"","format":"standard","meta":{"_et_pb_use_builder":"","_et_pb_old_content":"","_et_gb_content_width":"","footnotes":""},"categories":[155],"tags":[],"class_list":["post-13640","post","type-post","status-publish","format-standard","has-post-thumbnail","hentry","category-noticias-em-destaque"],"_links":{"self":[{"href":"https:\/\/sjcbancarios.com.br\/site\/wp-json\/wp\/v2\/posts\/13640","targetHints":{"allow":["GET"]}}],"collection":[{"href":"https:\/\/sjcbancarios.com.br\/site\/wp-json\/wp\/v2\/posts"}],"about":[{"href":"https:\/\/sjcbancarios.com.br\/site\/wp-json\/wp\/v2\/types\/post"}],"author":[{"embeddable":true,"href":"https:\/\/sjcbancarios.com.br\/site\/wp-json\/wp\/v2\/users\/2"}],"replies":[{"embeddable":true,"href":"https:\/\/sjcbancarios.com.br\/site\/wp-json\/wp\/v2\/comments?post=13640"}],"version-history":[{"count":0,"href":"https:\/\/sjcbancarios.com.br\/site\/wp-json\/wp\/v2\/posts\/13640\/revisions"}],"wp:featuredmedia":[{"embeddable":true,"href":"https:\/\/sjcbancarios.com.br\/site\/wp-json\/wp\/v2\/media\/13641"}],"wp:attachment":[{"href":"https:\/\/sjcbancarios.com.br\/site\/wp-json\/wp\/v2\/media?parent=13640"}],"wp:term":[{"taxonomy":"category","embeddable":true,"href":"https:\/\/sjcbancarios.com.br\/site\/wp-json\/wp\/v2\/categories?post=13640"},{"taxonomy":"post_tag","embeddable":true,"href":"https:\/\/sjcbancarios.com.br\/site\/wp-json\/wp\/v2\/tags?post=13640"}],"curies":[{"name":"wp","href":"https:\/\/api.w.org\/{rel}","templated":true}]}}