{"id":13631,"date":"2020-12-01T09:22:34","date_gmt":"2020-12-01T12:22:34","guid":{"rendered":"https:\/\/sjcbancarios.com.br\/site\/?p=13631"},"modified":"2020-12-01T12:27:37","modified_gmt":"2020-12-01T15:27:37","slug":"entidades-sindicais-e-bb-discutem-bancos-incorporados","status":"publish","type":"post","link":"https:\/\/sjcbancarios.com.br\/site\/noticias-em-destaque\/entidades-sindicais-e-bb-discutem-bancos-incorporados\/","title":{"rendered":"Entidades sindicais e BB discutem Bancos incorporados"},"content":{"rendered":"<p style=\"text-align: justify;\">Pressionado pelas entidades sindicais &#8211; entre elas, a Federa\u00e7\u00e3o dos Banc\u00e1rios de SP e MS -, o Banco do Brasil marcou rodada de negocia\u00e7\u00e3o (virtual) sobre as quest\u00f5es espec\u00edficas dos bancos incorporados (Banco Nossa Caixa\/BNC, Banco do Estado de Santa Catarina\/Besc e Banco do Estado do Piau\u00ed\/BEP, a ser realizada, hoje dia 1\u00ba de dezembro.<\/p>\n<p style=\"text-align: justify;\">Para a representante da Federa\u00e7\u00e3o dos Banc\u00e1rios de SP e MS na Comiss\u00e3o de Empresa dos Funcion\u00e1rios (CEBB), Elisa Ferreira, \u201ca mesa espec\u00edfica foi conquistada durante a Campanha Nacional deste ano. A pauta foi constru\u00edda com base nas demandas apresentadas pelos funcion\u00e1rios e tem como ponto priorit\u00e1rio Cassi e Previ para todos\u201d.<\/p>\n<p style=\"text-align: justify;\">Elisa Ferreira esclarece que a rodada foi marcada depois que as entidades sindicais protestaram contra o reajuste do planos de sa\u00fade (Feas), aprovado com \u201cVoto de Minerva\u201d do BB durante reuni\u00e3o do Conselho Deliberativo do Economus, realizada no dia 6 deste m\u00eas de novembro. \u201cInclusive reivindicamos que o BB suspenda o reajuste durante o processo de negocia\u00e7\u00e3o em mesa espec\u00edfica\u201d.<\/p>\n<p style=\"text-align: justify;\"><strong>Pauta de reivindica\u00e7\u00f5es:<\/strong><\/p>\n<p style=\"text-align: justify;\">&#8211; Cassi e Previ para todos os funcion\u00e1rios egressos de bancos incorporados.<\/p>\n<p style=\"text-align: justify;\">&#8211; Considerar, para todos os efeitos, o tempo de servi\u00e7o e o hist\u00f3rico profissional dos funcion\u00e1rios egressos do Banco Nossa Caixa, desde sua posse naquela institui\u00e7\u00e3o, principalmente para pontua\u00e7\u00e3o nos sistemas de concorr\u00eancias internas do Banco para ascens\u00e3o profissional (TAO).<\/p>\n<p style=\"text-align: justify;\">&#8211; Isonomia de direitos e benef\u00edcios, inclusive quanto ao pagamento de PLR, programas pr\u00f3prios de remunera\u00e7\u00e3o vari\u00e1vel e outras premia\u00e7\u00f5es internas do Banco, e quanto aos sistemas de concorr\u00eancia e promo\u00e7\u00e3o internas no Banco do Brasil, principalmente para os banc\u00e1rios egres-sos da Nossa Caixa que n\u00e3o aderiam ao Regulamento de Pessoal do BB.<\/p>\n<p style=\"text-align: justify;\">&#8211; Assegurar o direito \u00e0 utiliza\u00e7\u00e3o das garantias contidas Cl\u00e1usulas 38\u00ba (PAS Aux\u00edlio), 20\u00ba (Aux\u00edlio Funeral) e 39\u00ba (Adiantamentos) do ACT BB para todos os funcion\u00e1rios egressos do Banco Nos-sa Caixa, notadamente \u00e0queles que n\u00e3o aderiam ao Regulamento de Pessoal do BB.<\/p>\n<p style=\"text-align: justify;\">&#8211; Assegurar o direito de migra\u00e7\u00e3o para Cassi de todos os funcion\u00e1rios do BB egressos do Banco Nossa Caixa e\/ou afiliados ao Economus, sejam funcion\u00e1rios da ativa ou todos os aposentados, na mesma forma do regulamento atual da Cassi, retroagindo para c\u00f4mputo dos direitos estatu-t\u00e1rios desde a incorpora\u00e7\u00e3o dos funcion\u00e1rios egressos em 12\/2009.<\/p>\n<p style=\"text-align: justify;\">&#8211; Efetuar a migra\u00e7\u00e3o de todos os planos de previd\u00eancia do Economus (A, B, C e PrevMais) para administra\u00e7\u00e3o da Previ, respeitados seus respectivos estatutos atuais vigentes, no melhor for-mato que vise atingir a seguran\u00e7a financeira e previdenci\u00e1ria dos banc\u00e1rios egressos do Banco Nossa Caixa.<\/p>\n<p style=\"text-align: justify;\">\nFonte: Federa\u00e7\u00e3o dos banc\u00e1rios de SPMS<\/p>\n","protected":false},"excerpt":{"rendered":"<p class=\"excerpt\">Pressionado pelas entidades sindicais &#8211; entre elas, a Federa\u00e7\u00e3o dos Banc\u00e1rios de SP e MS -, o Banco do Brasil marcou rodada de negocia\u00e7\u00e3o (virtual) sobre as quest\u00f5es espec\u00edficas dos bancos incorporados (Banco Nossa Caixa\/BNC, Banco do Estado de Santa Catarina\/Besc e Banco do Estado do Piau\u00ed\/BEP, a ser realizada, hoje dia 1\u00ba de dezembro. [&hellip;]<\/p>\n","protected":false},"author":2,"featured_media":13456,"comment_status":"closed","ping_status":"closed","sticky":false,"template":"","format":"standard","meta":{"_et_pb_use_builder":"","_et_pb_old_content":"","_et_gb_content_width":"","footnotes":""},"categories":[155],"tags":[],"class_list":["post-13631","post","type-post","status-publish","format-standard","has-post-thumbnail","hentry","category-noticias-em-destaque"],"_links":{"self":[{"href":"https:\/\/sjcbancarios.com.br\/site\/wp-json\/wp\/v2\/posts\/13631","targetHints":{"allow":["GET"]}}],"collection":[{"href":"https:\/\/sjcbancarios.com.br\/site\/wp-json\/wp\/v2\/posts"}],"about":[{"href":"https:\/\/sjcbancarios.com.br\/site\/wp-json\/wp\/v2\/types\/post"}],"author":[{"embeddable":true,"href":"https:\/\/sjcbancarios.com.br\/site\/wp-json\/wp\/v2\/users\/2"}],"replies":[{"embeddable":true,"href":"https:\/\/sjcbancarios.com.br\/site\/wp-json\/wp\/v2\/comments?post=13631"}],"version-history":[{"count":0,"href":"https:\/\/sjcbancarios.com.br\/site\/wp-json\/wp\/v2\/posts\/13631\/revisions"}],"wp:featuredmedia":[{"embeddable":true,"href":"https:\/\/sjcbancarios.com.br\/site\/wp-json\/wp\/v2\/media\/13456"}],"wp:attachment":[{"href":"https:\/\/sjcbancarios.com.br\/site\/wp-json\/wp\/v2\/media?parent=13631"}],"wp:term":[{"taxonomy":"category","embeddable":true,"href":"https:\/\/sjcbancarios.com.br\/site\/wp-json\/wp\/v2\/categories?post=13631"},{"taxonomy":"post_tag","embeddable":true,"href":"https:\/\/sjcbancarios.com.br\/site\/wp-json\/wp\/v2\/tags?post=13631"}],"curies":[{"name":"wp","href":"https:\/\/api.w.org\/{rel}","templated":true}]}}