{"id":13621,"date":"2020-12-01T11:49:45","date_gmt":"2020-12-01T14:49:45","guid":{"rendered":"https:\/\/sjcbancarios.com.br\/site\/?p=13621"},"modified":"2020-12-01T11:54:50","modified_gmt":"2020-12-01T14:54:50","slug":"bradesco-comeca-a-testar-dependentes-de-bancarios-no-plano-de-saude-para-covid-19","status":"publish","type":"post","link":"https:\/\/sjcbancarios.com.br\/site\/noticias-em-destaque\/bradesco-comeca-a-testar-dependentes-de-bancarios-no-plano-de-saude-para-covid-19\/","title":{"rendered":"Bradesco come\u00e7a a testar dependentes de banc\u00e1rios para covid-19"},"content":{"rendered":"<p style=\"text-align: justify;\">Diante do aumento dos casos de interna\u00e7\u00f5es e mortes em decorr\u00eancia da covid-19 no estado de S\u00e3o Paulo, o Comando Nacional dos Banc\u00e1rios &#8211; que representa os trabalhadores na mesa de negocia\u00e7\u00e3o com a Fenaban (Federa\u00e7\u00e3o dos Bancos) &#8211; cobrou das institui\u00e7\u00f5es financeiras novas medidas a fim de evitar que a incid\u00eancia da doen\u00e7a aumente entre os banc\u00e1rios e seus familiares.<\/p>\n<p style=\"text-align: justify;\">A testagem ser\u00e1 feita pela sorologia IgM (indica exposi\u00e7\u00e3o ao v\u00edrus e fase ativa da doen\u00e7a) e IgG (indica que a pessoa j\u00e1 teve contato com o v\u00edrus e, para algumas situa\u00e7\u00f5es, desenvolveu anticorpos de prote\u00e7\u00e3o no organismo).<\/p>\n<p style=\"text-align: justify;\">No dia da testagem, ser\u00e1 preciso levar o crach\u00e1 mais documento com foto (RG ou CNH).<\/p>\n<p style=\"text-align: justify;\">A testagem estar\u00e1 dispon\u00edvel no per\u00edodo de 01 a 19 de dezembro &#8211; funcion\u00e1rios e dependentes.<\/p>\n<p style=\"text-align: justify;\"><strong>S\u00e3o Jos\u00e9 dos Campos<\/strong><br \/>\nCIPAX<br \/>\nPra\u00e7a Afonso Pena, 246<\/p>\n<p><strong>Jacare\u00ed<\/strong><br \/>\nCIPAX<br \/>\nPra\u00e7a Padre Anchietano, 130<\/p>\n<p>Fonte: Sindicato dos banc\u00e1rios de S\u00e3o Jos\u00e9 dos Campos e Regi\u00e3o<\/p>\n","protected":false},"excerpt":{"rendered":"<p class=\"excerpt\">Diante do aumento dos casos de interna\u00e7\u00f5es e mortes em decorr\u00eancia da covid-19 no estado de S\u00e3o Paulo, o Comando Nacional dos Banc\u00e1rios &#8211; que representa os trabalhadores na mesa de negocia\u00e7\u00e3o com a Fenaban (Federa\u00e7\u00e3o dos Bancos) &#8211; cobrou das institui\u00e7\u00f5es financeiras novas medidas a fim de evitar que a incid\u00eancia da doen\u00e7a aumente [&hellip;]<\/p>\n","protected":false},"author":2,"featured_media":13622,"comment_status":"closed","ping_status":"closed","sticky":false,"template":"","format":"standard","meta":{"_et_pb_use_builder":"","_et_pb_old_content":"","_et_gb_content_width":"","footnotes":""},"categories":[155],"tags":[],"class_list":["post-13621","post","type-post","status-publish","format-standard","has-post-thumbnail","hentry","category-noticias-em-destaque"],"_links":{"self":[{"href":"https:\/\/sjcbancarios.com.br\/site\/wp-json\/wp\/v2\/posts\/13621","targetHints":{"allow":["GET"]}}],"collection":[{"href":"https:\/\/sjcbancarios.com.br\/site\/wp-json\/wp\/v2\/posts"}],"about":[{"href":"https:\/\/sjcbancarios.com.br\/site\/wp-json\/wp\/v2\/types\/post"}],"author":[{"embeddable":true,"href":"https:\/\/sjcbancarios.com.br\/site\/wp-json\/wp\/v2\/users\/2"}],"replies":[{"embeddable":true,"href":"https:\/\/sjcbancarios.com.br\/site\/wp-json\/wp\/v2\/comments?post=13621"}],"version-history":[{"count":0,"href":"https:\/\/sjcbancarios.com.br\/site\/wp-json\/wp\/v2\/posts\/13621\/revisions"}],"wp:featuredmedia":[{"embeddable":true,"href":"https:\/\/sjcbancarios.com.br\/site\/wp-json\/wp\/v2\/media\/13622"}],"wp:attachment":[{"href":"https:\/\/sjcbancarios.com.br\/site\/wp-json\/wp\/v2\/media?parent=13621"}],"wp:term":[{"taxonomy":"category","embeddable":true,"href":"https:\/\/sjcbancarios.com.br\/site\/wp-json\/wp\/v2\/categories?post=13621"},{"taxonomy":"post_tag","embeddable":true,"href":"https:\/\/sjcbancarios.com.br\/site\/wp-json\/wp\/v2\/tags?post=13621"}],"curies":[{"name":"wp","href":"https:\/\/api.w.org\/{rel}","templated":true}]}}