{"id":13610,"date":"2020-12-01T09:51:05","date_gmt":"2020-12-01T12:51:05","guid":{"rendered":"https:\/\/sjcbancarios.com.br\/site\/?p=13610"},"modified":"2020-12-01T09:51:05","modified_gmt":"2020-12-01T12:51:05","slug":"coe-mercantil-do-brasil-define-estrategia-de-mobilizacao-contra-demissoes-e-assedio-moral","status":"publish","type":"post","link":"https:\/\/sjcbancarios.com.br\/site\/noticias\/coe-mercantil-do-brasil-define-estrategia-de-mobilizacao-contra-demissoes-e-assedio-moral\/","title":{"rendered":"COE Mercantil do Brasil define estrat\u00e9gia de mobiliza\u00e7\u00e3o contra demiss\u00f5es e ass\u00e9dio moral"},"content":{"rendered":"<p><strong>Dia de luta foi programado para o pr\u00f3ximo dia 10<\/strong><\/p>\n<p>Na \u00faltima sexta-feira, 27, a Comiss\u00e3o de Organiza\u00e7\u00e3o dos Empregados (COE) do Banco Mercantil do Brasil se reuniu remotamente com sindicatos de todo o pa\u00eds para tratar de estrat\u00e9gias de mobiliza\u00e7\u00e3o contra as demiss\u00f5es e o assedio moral.<\/p>\n<p><img loading=\"lazy\" decoding=\"async\" class=\"alignnone wp-image-13611 size-full\" src=\"https:\/\/sjcbancarios.com.br\/site\/wp-content\/uploads\/2020\/12\/Feeb301220202.jpg\" alt=\"\" width=\"940\" height=\"788\" srcset=\"https:\/\/sjcbancarios.com.br\/site\/wp-content\/uploads\/2020\/12\/Feeb301220202.jpg 940w, https:\/\/sjcbancarios.com.br\/site\/wp-content\/uploads\/2020\/12\/Feeb301220202-358x300.jpg 358w, https:\/\/sjcbancarios.com.br\/site\/wp-content\/uploads\/2020\/12\/Feeb301220202-768x644.jpg 768w, https:\/\/sjcbancarios.com.br\/site\/wp-content\/uploads\/2020\/12\/Feeb301220202-24x20.jpg 24w, https:\/\/sjcbancarios.com.br\/site\/wp-content\/uploads\/2020\/12\/Feeb301220202-36x30.jpg 36w, https:\/\/sjcbancarios.com.br\/site\/wp-content\/uploads\/2020\/12\/Feeb301220202-48x40.jpg 48w\" sizes=\"(max-width: 940px) 100vw, 940px\" \/><br \/>\n<strong>De acordo com o movimento sindical, somente neste m\u00eas ocorreram mais de 30 demiss\u00f5es no pa\u00eds.<\/strong><\/p>\n<p>\u201c\u00c9 preciso mostrar nosso descontentamento com as pol\u00edticas que o banco tem adotado, demitindo em plena pandemia e aplicando duras cobran\u00e7as aos funcion\u00e1rios. Essa situa\u00e7\u00e3o n\u00e3o d\u00e1 pra continuar\u201d, explica Maria Aparecida da Silva, representante da Federa\u00e7\u00e3o dos Empregados em Estabelecimentos Banc\u00e1rios dos Estados de SP e MS.<\/p>\n<p>De acordo com a categoria, clientes tamb\u00e9m vem sofrendo com o desrespeito do banco, ao serem submetidos a longas filas de atendimento em plena pandemia. O ass\u00e9dio moral tamb\u00e9m foi enfatizado durante reuni\u00e3o. De acordo com banc\u00e1rios do Mercantil, o banco tem aplicado metas absurdas e abusivas. As vendas casadas tamb\u00e9m foram destacadas como uma das maiores reclama\u00e7\u00f5es do cliente. \u201cS\u00e3o condutas que infringem as regras do pr\u00f3prio c\u00f3digo de defesa do consumidor. A situa\u00e7\u00e3o foi denunciada junto ao Recursos Humanos do Mercantil, mas seguimos sem qualquer solu\u00e7\u00e3o para o problema\u201d, explica. at\u00e9 o momento n\u00e3o houve resposta convincente da empresa.<\/p>\n<p><strong>Dia de Luta<\/strong><br \/>\nComo protesto \u00e0 conduta do Banco, funcion\u00e1rios realizar\u00e3o no dia 10 de dezembro o Dia Nacional de Luta em rep\u00fadio \u00e0s demiss\u00f5es e em solidariedade \u00e0s dezenas de fam\u00edlias que perderam seus empregos durante a pandemia.<\/p>\n<p>Fonte: Feeb SP\/MS<\/p>\n","protected":false},"excerpt":{"rendered":"<p class=\"excerpt\">Dia de luta foi programado para o pr\u00f3ximo dia 10 Na \u00faltima sexta-feira, 27, a Comiss\u00e3o de Organiza\u00e7\u00e3o dos Empregados (COE) do Banco Mercantil do Brasil se reuniu remotamente com sindicatos de todo o pa\u00eds para tratar de estrat\u00e9gias de mobiliza\u00e7\u00e3o contra as demiss\u00f5es e o assedio moral. De acordo com o movimento sindical, somente [&hellip;]<\/p>\n","protected":false},"author":2,"featured_media":13612,"comment_status":"closed","ping_status":"closed","sticky":false,"template":"","format":"standard","meta":{"_et_pb_use_builder":"","_et_pb_old_content":"","_et_gb_content_width":"","footnotes":""},"categories":[13],"tags":[],"class_list":["post-13610","post","type-post","status-publish","format-standard","has-post-thumbnail","hentry","category-noticias"],"_links":{"self":[{"href":"https:\/\/sjcbancarios.com.br\/site\/wp-json\/wp\/v2\/posts\/13610","targetHints":{"allow":["GET"]}}],"collection":[{"href":"https:\/\/sjcbancarios.com.br\/site\/wp-json\/wp\/v2\/posts"}],"about":[{"href":"https:\/\/sjcbancarios.com.br\/site\/wp-json\/wp\/v2\/types\/post"}],"author":[{"embeddable":true,"href":"https:\/\/sjcbancarios.com.br\/site\/wp-json\/wp\/v2\/users\/2"}],"replies":[{"embeddable":true,"href":"https:\/\/sjcbancarios.com.br\/site\/wp-json\/wp\/v2\/comments?post=13610"}],"version-history":[{"count":0,"href":"https:\/\/sjcbancarios.com.br\/site\/wp-json\/wp\/v2\/posts\/13610\/revisions"}],"wp:featuredmedia":[{"embeddable":true,"href":"https:\/\/sjcbancarios.com.br\/site\/wp-json\/wp\/v2\/media\/13612"}],"wp:attachment":[{"href":"https:\/\/sjcbancarios.com.br\/site\/wp-json\/wp\/v2\/media?parent=13610"}],"wp:term":[{"taxonomy":"category","embeddable":true,"href":"https:\/\/sjcbancarios.com.br\/site\/wp-json\/wp\/v2\/categories?post=13610"},{"taxonomy":"post_tag","embeddable":true,"href":"https:\/\/sjcbancarios.com.br\/site\/wp-json\/wp\/v2\/tags?post=13610"}],"curies":[{"name":"wp","href":"https:\/\/api.w.org\/{rel}","templated":true}]}}