{"id":13586,"date":"2020-11-23T09:00:42","date_gmt":"2020-11-23T12:00:42","guid":{"rendered":"https:\/\/sjcbancarios.com.br\/site\/?p=13586"},"modified":"2020-11-23T11:02:51","modified_gmt":"2020-11-23T14:02:51","slug":"bb-reajusta-planos-feas-com-voto-de-minerva","status":"publish","type":"post","link":"https:\/\/sjcbancarios.com.br\/site\/noticias-em-destaque\/bb-reajusta-planos-feas-com-voto-de-minerva\/","title":{"rendered":"BB reajusta planos Feas, com voto de Minerva"},"content":{"rendered":"<p style=\"text-align: justify;\"><span style=\"font-family: arial, helvetica, sans-serif;\">O Conselho Deliberativo do Economus votou no dia 06 de novembro, as propostas da Diretoria Executiva sobre custeio dos planos Feas (Fundo Economus de Assist\u00eancia Social) e cria\u00e7\u00e3o do plano Economus Futuro. De acordo com estudos atuariais apresentados pelo Economus, a preocupa\u00e7\u00e3o \u00e9 com iminente esgotamento dos recursos do Feas, respons\u00e1vel por subsidiar os planos de sa\u00fade Feas Pamc, Feas B\u00e1sico e Novo Feas. O estudo apresentado leva em consideracao o atual modelo de custeio, o perfil da popula\u00e7\u00e3o assistida, bem como o comportamento da infla\u00e7\u00e3o m\u00e9dica. A vota\u00e7\u00e3o resultou na aprova\u00e7\u00e3o do reajuste de contribui\u00e7\u00e3o apenas do participante, passando de 8% para 15,95%, a partir de 1\u00ba de janeiro de 2021, e a cria\u00e7\u00e3o do citado plano Economus Futuro. Pisos de contribui\u00e7\u00e3o do Novo Feas foram mantidos e retirado os tetos de contribui\u00e7\u00e3o e fechamento para novas ades\u00f5es, exceto para inclus\u00e3o de novos dependentes (filho e novo c\u00f4njuge).<\/span><\/p>\n<p style=\"text-align: justify;\"><span style=\"font-family: arial, helvetica, sans-serif;\">Conselheiros indicados pelo Banco do Brasil votaram favor\u00e1veis \u00e0s propostas e os eleitos pelos participantes, votaram contra. Ap\u00f3s empate o resultado foi dado com o chamado voto de minerva, do patrocinador.<\/span><\/p>\n<p style=\"text-align: justify;\"><span style=\"font-family: arial, helvetica, sans-serif;\">Informa\u00e7\u00f5es, hist\u00f3rico e material de perguntas e respostas dos planos s\u00e3o poss\u00edveis acessar no hotsite do Feas.<\/span><\/p>\n<p style=\"text-align: justify;\"><strong><span style=\"font-family: arial, helvetica, sans-serif;\">Economus Futuro<\/span><\/strong><br \/>\n<span style=\"font-family: arial, helvetica, sans-serif;\">Custeio em regime de cotas, per capita e por faixa et\u00e1ria, com coparticipa\u00e7\u00e3o em consultas e exames (30%), limitado a 10% por m\u00eas do sal\u00e1rio bruto do titular (o excedente acumulado ser\u00e1 debitado nos meses seguintes) e pagamento de franquia para interna\u00e7\u00f5es e cirurgias (R$ 750,00). O novo plano n\u00e3o ter\u00e1 subs\u00eddio do Fundo Feas e\/ou do Banco do Brasil.<\/span><\/p>\n<p style=\"text-align: justify;\"><strong><span style=\"font-family: arial, helvetica, sans-serif;\">Avalia\u00e7\u00e3o<\/span><\/strong><br \/>\n<span style=\"font-family: arial, helvetica, sans-serif;\">As mudan\u00e7as impostas pelo BB ocorreram em meio ao processo de negocia\u00e7\u00e3o. De acordo com a representante da Federa\u00e7\u00e3o dos Banc\u00e1rios de SP e MS na Comiss\u00e3o de Empresa (CEBB), Elisa Ferreira, houve desrespeito do processo de negocia\u00e7\u00e3o por parte do BB. &#8220;At\u00e9 o momento o Banco n\u00e3o marcou a primeira reuni\u00e3o para tratar sobre a pauta de reivindica\u00e7\u00f5es&#8221;.<\/span><\/p>\n<p style=\"text-align: justify;\"><span style=\"font-family: arial, helvetica, sans-serif;\">De acordo com a representante, quest\u00f5es referentes ao plano de sa\u00fade dos funcion\u00e1rios do Banco Nossa Caixa (BNC) est\u00e3o pautadas desde a incorpora\u00e7\u00e3o em dezembro de 2009 e o BB sempre desconversou, at\u00e9 que recentemente concordou em abrir negocia\u00e7\u00e3o.<\/span><\/p>\n<p style=\"text-align: justify;\"><span style=\"font-family: arial, helvetica, sans-serif;\">A Federa\u00e7\u00e3o dos Banc\u00e1rios de SP e MS solicitar\u00e1 reuni\u00e3o com Economus para esclarecimentos sobre a pauta.<\/span> <\/p>\n<p>Fonte: Federa\u00e7\u00e3o dos banc\u00e1rios de SPMS<\/p>\n","protected":false},"excerpt":{"rendered":"<p class=\"excerpt\">O Conselho Deliberativo do Economus votou no dia 06 de novembro, as propostas da Diretoria Executiva sobre custeio dos planos Feas (Fundo Economus de Assist\u00eancia Social) e cria\u00e7\u00e3o do plano Economus Futuro. De acordo com estudos atuariais apresentados pelo Economus, a preocupa\u00e7\u00e3o \u00e9 com iminente esgotamento dos recursos do Feas, respons\u00e1vel por subsidiar os planos [&hellip;]<\/p>\n","protected":false},"author":2,"featured_media":13587,"comment_status":"closed","ping_status":"closed","sticky":false,"template":"","format":"standard","meta":{"_et_pb_use_builder":"","_et_pb_old_content":"","_et_gb_content_width":"","footnotes":""},"categories":[155],"tags":[],"class_list":["post-13586","post","type-post","status-publish","format-standard","has-post-thumbnail","hentry","category-noticias-em-destaque"],"_links":{"self":[{"href":"https:\/\/sjcbancarios.com.br\/site\/wp-json\/wp\/v2\/posts\/13586","targetHints":{"allow":["GET"]}}],"collection":[{"href":"https:\/\/sjcbancarios.com.br\/site\/wp-json\/wp\/v2\/posts"}],"about":[{"href":"https:\/\/sjcbancarios.com.br\/site\/wp-json\/wp\/v2\/types\/post"}],"author":[{"embeddable":true,"href":"https:\/\/sjcbancarios.com.br\/site\/wp-json\/wp\/v2\/users\/2"}],"replies":[{"embeddable":true,"href":"https:\/\/sjcbancarios.com.br\/site\/wp-json\/wp\/v2\/comments?post=13586"}],"version-history":[{"count":0,"href":"https:\/\/sjcbancarios.com.br\/site\/wp-json\/wp\/v2\/posts\/13586\/revisions"}],"wp:featuredmedia":[{"embeddable":true,"href":"https:\/\/sjcbancarios.com.br\/site\/wp-json\/wp\/v2\/media\/13587"}],"wp:attachment":[{"href":"https:\/\/sjcbancarios.com.br\/site\/wp-json\/wp\/v2\/media?parent=13586"}],"wp:term":[{"taxonomy":"category","embeddable":true,"href":"https:\/\/sjcbancarios.com.br\/site\/wp-json\/wp\/v2\/categories?post=13586"},{"taxonomy":"post_tag","embeddable":true,"href":"https:\/\/sjcbancarios.com.br\/site\/wp-json\/wp\/v2\/tags?post=13586"}],"curies":[{"name":"wp","href":"https:\/\/api.w.org\/{rel}","templated":true}]}}