{"id":13577,"date":"2020-11-23T09:33:22","date_gmt":"2020-11-23T12:33:22","guid":{"rendered":"https:\/\/sjcbancarios.com.br\/site\/?p=13577"},"modified":"2020-11-23T10:40:07","modified_gmt":"2020-11-23T13:40:07","slug":"categoria-foi-as-redes-em-combate-as-1-800-demissoes-realizadas-pelo-banco-este-ano","status":"publish","type":"post","link":"https:\/\/sjcbancarios.com.br\/site\/noticias-em-destaque\/categoria-foi-as-redes-em-combate-as-1-800-demissoes-realizadas-pelo-banco-este-ano\/","title":{"rendered":"Categoria foi \u00e0s redes em combate \u00e0s 1.800 demiss\u00f5es realizadas pelo Banco este ano."},"content":{"rendered":"<p><em>Reportagem ressalta Bradesco como alvo de cr\u00edticas na internet ap\u00f3s manifesta\u00e7\u00e3o em redes sociais.<\/em><\/p>\n<p style=\"text-align: justify;\"><span style=\"font-family: arial, helvetica, sans-serif;\">Nesta semana, diversas m\u00eddias publicaram reportagem sobre o manifesto da categoria banc\u00e1ria no twitter contra as demiss\u00f5es realizadas pelo Banco Bradesco. A campanha com a utiliza\u00e7\u00e3o da hashtag #QueVergonhaBradesco foi respons\u00e1vel por um tuita\u00e7o que bombardeou as redes em protesto \u00e0s 1.800 demiss\u00f5es ocorridas neste ano, mesmo em meio a pandemia, e ap\u00f3s lucro de R$ 12 bilh\u00f5es. O portal ig.com publicou &#8220;uma avalanche de mensagens foram publicadas criticando a institui\u00e7\u00e3o&#8221;, veja mais aqui.<\/span><\/p>\n<p style=\"text-align: justify;\"><span style=\"font-family: arial, helvetica, sans-serif;\">A reportagem explicou ainda que, al\u00e9m das demiss\u00f5es em meio \u00e0 pandemia do novo coronav\u00edrus, as cr\u00edticas ocorreram principalmente pelo lucro l\u00edquido cont\u00e1bil reportado pelo banco de R$ 6,888 no primeiro semestre e R$ 4,194 bilh\u00f5es no terceiro trimestre deste ano, totalizando R$ 12,657 bilh\u00f5es at\u00e9 o momento em 2020.<\/span><\/p>\n<p style=\"text-align: justify;\"><span style=\"font-family: arial, helvetica, sans-serif;\">De acordo com o ve\u00edculo, mesmo procurada, a assessoria de imprensa do Bradesco n\u00e3o se posicionou sobre o assunto.<\/span><\/p>\n<p>Fonte: Federa\u00e7\u00e3o dos Banc\u00e1rios de SPMS<\/p>\n","protected":false},"excerpt":{"rendered":"<p class=\"excerpt\">Reportagem ressalta Bradesco como alvo de cr\u00edticas na internet ap\u00f3s manifesta\u00e7\u00e3o em redes sociais. Nesta semana, diversas m\u00eddias publicaram reportagem sobre o manifesto da categoria banc\u00e1ria no twitter contra as demiss\u00f5es realizadas pelo Banco Bradesco. A campanha com a utiliza\u00e7\u00e3o da hashtag #QueVergonhaBradesco foi respons\u00e1vel por um tuita\u00e7o que bombardeou as redes em protesto \u00e0s [&hellip;]<\/p>\n","protected":false},"author":2,"featured_media":13579,"comment_status":"closed","ping_status":"closed","sticky":false,"template":"","format":"standard","meta":{"_et_pb_use_builder":"","_et_pb_old_content":"","_et_gb_content_width":"","footnotes":""},"categories":[155],"tags":[],"class_list":["post-13577","post","type-post","status-publish","format-standard","has-post-thumbnail","hentry","category-noticias-em-destaque"],"_links":{"self":[{"href":"https:\/\/sjcbancarios.com.br\/site\/wp-json\/wp\/v2\/posts\/13577","targetHints":{"allow":["GET"]}}],"collection":[{"href":"https:\/\/sjcbancarios.com.br\/site\/wp-json\/wp\/v2\/posts"}],"about":[{"href":"https:\/\/sjcbancarios.com.br\/site\/wp-json\/wp\/v2\/types\/post"}],"author":[{"embeddable":true,"href":"https:\/\/sjcbancarios.com.br\/site\/wp-json\/wp\/v2\/users\/2"}],"replies":[{"embeddable":true,"href":"https:\/\/sjcbancarios.com.br\/site\/wp-json\/wp\/v2\/comments?post=13577"}],"version-history":[{"count":0,"href":"https:\/\/sjcbancarios.com.br\/site\/wp-json\/wp\/v2\/posts\/13577\/revisions"}],"wp:featuredmedia":[{"embeddable":true,"href":"https:\/\/sjcbancarios.com.br\/site\/wp-json\/wp\/v2\/media\/13579"}],"wp:attachment":[{"href":"https:\/\/sjcbancarios.com.br\/site\/wp-json\/wp\/v2\/media?parent=13577"}],"wp:term":[{"taxonomy":"category","embeddable":true,"href":"https:\/\/sjcbancarios.com.br\/site\/wp-json\/wp\/v2\/categories?post=13577"},{"taxonomy":"post_tag","embeddable":true,"href":"https:\/\/sjcbancarios.com.br\/site\/wp-json\/wp\/v2\/tags?post=13577"}],"curies":[{"name":"wp","href":"https:\/\/api.w.org\/{rel}","templated":true}]}}