{"id":13574,"date":"2020-11-23T10:29:00","date_gmt":"2020-11-23T13:29:00","guid":{"rendered":"https:\/\/sjcbancarios.com.br\/site\/?p=13574"},"modified":"2020-11-23T10:53:08","modified_gmt":"2020-11-23T13:53:08","slug":"mesa-discute-mais-cuidados-para-enfrentar-segunda-onda-da-covid-19","status":"publish","type":"post","link":"https:\/\/sjcbancarios.com.br\/site\/noticias-em-destaque\/mesa-discute-mais-cuidados-para-enfrentar-segunda-onda-da-covid-19\/","title":{"rendered":"Mesa discute mais cuidados para enfrentar segunda onda da Covid 19"},"content":{"rendered":"<p style=\"text-align: justify;\"><span style=\"font-family: arial, helvetica, sans-serif;\">Representantes do Comando Nacional dos Banc\u00e1ri@s e da Fenaban (Federa\u00e7\u00e3o Nacional de Bancos) se reuniram n a ultima\u00a0 sexta-feira, dia 20, na Mesa Covid 19 para discutir novas medidas de seguran\u00e7a para uma eventual segunda onda de cont\u00e1gio da doen\u00e7a. O Comando cobrou que banc\u00e1rios n\u00e3o retornem ao trabalho presencial agora, por conta da segunda onda. Os representantes da Fenaban disseram que v\u00e3o orientar os Bancos para suspenderem o retorno dos que estejam em teletrabalho. A mesa tamb\u00e9m concluiu que \u00e9 necess\u00e1rio campanhas para refor\u00e7ar os cuidados para evitar o cont\u00e1gio, como o uso de m\u00e1scaras nos locais de trabalho.<\/span><\/p>\n<p style=\"text-align: justify;\"><span style=\"font-family: arial, helvetica, sans-serif;\">\u201cT\u00ednhamos a preocupa\u00e7\u00e3o nessa reuni\u00e3o de reverter algumas tend\u00eancias como o retorno gradual de quem estava em teletrabalho para as ag\u00eancias e departamentos. Outro alerta \u00e9 que alguns Bancos j\u00e1 acenavam com o retorno de quem estivesse trabalhando em casa para o presencial a partir de janeiro. Tamb\u00e9m percebemos um afrouxamento nos protocolos. Tem casos de afastamento s\u00f3 que quem estava a um metro de que foi contaminado. Os outros permaneciam trabalhando. Outra preocupa\u00e7\u00e3o \u00e9 com a amplia\u00e7\u00e3o do hor\u00e1rio nas ag\u00eancias\u201d, disse\u00a0 Juvandia Moreira, uma das coordenadoras do Comando dos banc\u00e1rios, ao abrir a reuni\u00e3o com a Fenaban.<\/span><\/p>\n<p style=\"text-align: justify;\"><span style=\"font-family: arial, helvetica, sans-serif;\">Inicialmente, os representantes da Fenaban disseram que a orienta\u00e7\u00e3o para suspender o retorno de quem estivesse em teletrabalho fosse feita at\u00e9 o final do ano. \u201cMe preocupa que estamos em novembro e n\u00e3o creio que essa situa\u00e7\u00e3o melhore no final do ano. O aumento do cont\u00e1gio n\u00e3o se encerra em dezembro, portanto precisamos discutir um prazo maior. Tem que planejar a\u00e7\u00f5es tamb\u00e9m para 2021. Sen\u00e3o, quando a situa\u00e7\u00e3o se agravar, nas pr\u00f3ximas semanas, teremos que fazer reuni\u00f5es emergenciais no Natal\u201d, alertou Juvandia.<\/span><\/p>\n<p style=\"text-align: justify;\"><span style=\"font-family: arial, helvetica, sans-serif;\">A Fenaban pediu mais alguns dias para estudar a extens\u00e3o para 2021 de novas medidas para enfrentar o aumento do cont\u00e1gio. \u201cAl\u00e9m de um prazo maior, refor\u00e7ou a quest\u00e3o de alguns Bancos reverterem a volta desses \u00faltimos tr\u00eas meses de v\u00e1rios trabalhadores aos locais de trabalho. Quando negociamos em mar\u00e7o, v\u00e1rios Bancos adaptaram seus setores em teletrabalho e deu certo\u201d, afirmou a presidenta do Sindicato dos Banc\u00e1rios de S\u00e3o Paulo, Osasco e Regi\u00e3o, Ivone Silva.<\/span><\/p>\n<p style=\"text-align: justify;\"><span style=\"font-family: arial, helvetica, sans-serif;\">A inclus\u00e3o da categoria banc\u00e1ria entre as categorias priorit\u00e1rias para receber a vacina contra a covid 19 tamb\u00e9m foi discutida. \u201cVamos defender para que se d\u00ea prioridade na vacina\u00e7\u00e3o para os banc\u00e1rios, na lista do Minist\u00e9rio da Sa\u00fade. Afinal, tamb\u00e9m somos um setor de atendimento essencial\u201d, defendeu a presidenta da Contraf-CUT.<\/span><\/p>\n<p style=\"text-align: justify;\"><span style=\"font-family: arial, helvetica, sans-serif;\">Um dos pontos cobrados foi o uso dos equipamentos de prote\u00e7\u00e3o. \u201cTemos que fazer uma forte campanha de conscientiza\u00e7\u00e3o para os cuidados. A pandemia n\u00e3o acabou. \u00c9 grave o problema e todos t\u00eam que se cuidar\u201d, disse o secret\u00e1rio de Sa\u00fade da Contraf-CUT, Mauro Salles. O Comando decidiu orientar os sindicatos a fazerem campanhas de conscientiza\u00e7\u00e3o para o uso da m\u00e1scara. A Fenaban se comprometeu a intensificar as campanhas.<\/span><\/p>\n<p style=\"text-align: justify;\"><span style=\"font-family: arial, helvetica, sans-serif;\">Fonte: Contraf<\/span><\/p>\n","protected":false},"excerpt":{"rendered":"<p class=\"excerpt\">Representantes do Comando Nacional dos Banc\u00e1ri@s e da Fenaban (Federa\u00e7\u00e3o Nacional de Bancos) se reuniram n a ultima\u00a0 sexta-feira, dia 20, na Mesa Covid 19 para discutir novas medidas de seguran\u00e7a para uma eventual segunda onda de cont\u00e1gio da doen\u00e7a. O Comando cobrou que banc\u00e1rios n\u00e3o retornem ao trabalho presencial agora, por conta da segunda [&hellip;]<\/p>\n","protected":false},"author":2,"featured_media":13583,"comment_status":"closed","ping_status":"closed","sticky":false,"template":"","format":"standard","meta":{"_et_pb_use_builder":"","_et_pb_old_content":"","_et_gb_content_width":"","footnotes":""},"categories":[155],"tags":[],"class_list":["post-13574","post","type-post","status-publish","format-standard","has-post-thumbnail","hentry","category-noticias-em-destaque"],"_links":{"self":[{"href":"https:\/\/sjcbancarios.com.br\/site\/wp-json\/wp\/v2\/posts\/13574","targetHints":{"allow":["GET"]}}],"collection":[{"href":"https:\/\/sjcbancarios.com.br\/site\/wp-json\/wp\/v2\/posts"}],"about":[{"href":"https:\/\/sjcbancarios.com.br\/site\/wp-json\/wp\/v2\/types\/post"}],"author":[{"embeddable":true,"href":"https:\/\/sjcbancarios.com.br\/site\/wp-json\/wp\/v2\/users\/2"}],"replies":[{"embeddable":true,"href":"https:\/\/sjcbancarios.com.br\/site\/wp-json\/wp\/v2\/comments?post=13574"}],"version-history":[{"count":0,"href":"https:\/\/sjcbancarios.com.br\/site\/wp-json\/wp\/v2\/posts\/13574\/revisions"}],"wp:featuredmedia":[{"embeddable":true,"href":"https:\/\/sjcbancarios.com.br\/site\/wp-json\/wp\/v2\/media\/13583"}],"wp:attachment":[{"href":"https:\/\/sjcbancarios.com.br\/site\/wp-json\/wp\/v2\/media?parent=13574"}],"wp:term":[{"taxonomy":"category","embeddable":true,"href":"https:\/\/sjcbancarios.com.br\/site\/wp-json\/wp\/v2\/categories?post=13574"},{"taxonomy":"post_tag","embeddable":true,"href":"https:\/\/sjcbancarios.com.br\/site\/wp-json\/wp\/v2\/tags?post=13574"}],"curies":[{"name":"wp","href":"https:\/\/api.w.org\/{rel}","templated":true}]}}