{"id":13566,"date":"2020-11-21T09:31:37","date_gmt":"2020-11-21T12:31:37","guid":{"rendered":"https:\/\/sjcbancarios.com.br\/site\/?p=13566"},"modified":"2020-11-23T09:37:53","modified_gmt":"2020-11-23T12:37:53","slug":"reuniao-paritaria-bipartite-contec-fenaban","status":"publish","type":"post","link":"https:\/\/sjcbancarios.com.br\/site\/noticias\/reuniao-paritaria-bipartite-contec-fenaban\/","title":{"rendered":"Reuni\u00e3o Parit\u00e1ria Bipartite CONTEC\/FENABAN"},"content":{"rendered":"<p><img loading=\"lazy\" decoding=\"async\" class=\"alignnone wp-image-13567 size-full\" src=\"https:\/\/sjcbancarios.com.br\/site\/wp-content\/uploads\/2020\/11\/federa\u00e7\u00e3o.jpeg\" alt=\"\" width=\"768\" height=\"576\" srcset=\"https:\/\/sjcbancarios.com.br\/site\/wp-content\/uploads\/2020\/11\/federa\u00e7\u00e3o.jpeg 768w, https:\/\/sjcbancarios.com.br\/site\/wp-content\/uploads\/2020\/11\/federa\u00e7\u00e3o-400x300.jpeg 400w, https:\/\/sjcbancarios.com.br\/site\/wp-content\/uploads\/2020\/11\/federa\u00e7\u00e3o-24x18.jpeg 24w, https:\/\/sjcbancarios.com.br\/site\/wp-content\/uploads\/2020\/11\/federa\u00e7\u00e3o-36x27.jpeg 36w, https:\/\/sjcbancarios.com.br\/site\/wp-content\/uploads\/2020\/11\/federa\u00e7\u00e3o-48x36.jpeg 48w\" sizes=\"(max-width: 768px) 100vw, 768px\" \/>A Comiss\u00e3o Parit\u00e1ria Bipartite CONTEC\/FENABAN esteve reunida nesta sexta-feira (20), por videoconfer\u00eancia com a participa\u00e7\u00e3o de 31 pessoas, entre representantes dos bancos, federa\u00e7\u00f5es, sindicatos e diretoria da CONTEC. Por algumas horas, o grupo se concentrou nos assuntos voltados \u00e0 continuidade das a\u00e7\u00f5es e procedimentos para combater a prolifera\u00e7\u00e3o da pandemia do novo coronav\u00edrus.<\/p>\n<p>A comiss\u00e3o CONTEC destacou a preocupa\u00e7\u00e3o com a sa\u00fade de milhares de banc\u00e1rios, que seguem na linha de frente do COVID 19. Foi cobrado um refor\u00e7o nas a\u00e7\u00f5es de limpeza, sanitiza\u00e7\u00e3o e desinfec\u00e7\u00e3o das ag\u00eancias assim como a ado\u00e7\u00e3o de padr\u00f5es unificados e protocolos, que garantam rotinas mais seguras dentro das unidades.<\/p>\n<p>Os representantes da CONTEC destacaram ainda a necessidade de seguir debatendo medidas mais severas de seguran\u00e7a como: a \u201cproibi\u00e7\u00e3o\u201d de confraterniza\u00e7\u00f5es de fim de ano e a amplia\u00e7\u00e3o da oferta de servi\u00e7os psicol\u00f3gicos dentro do Programa de Controle M\u00e9dico em Sa\u00fade Ocupacional (PCMSO) para \u00e0queles banc\u00e1rios, que foram acometidos pela doen\u00e7a, j\u00e1 que muitos est\u00e3o registrando crises de ansiedade, p\u00e2nico, depress\u00e3o, entre outros sintomas decorrentes de doen\u00e7as mentais.<\/p>\n<p>A CONTEC pediu ainda que os bancos reforcem a solicita\u00e7\u00e3o, junto \u00e0s empresas de limpeza, de uma maior frequ\u00eancia da assepsia dos ambientes de trabalho, inclusive com uso de equipamentos mais modernos como bombas com produtos espec\u00edficos de sanitiza\u00e7\u00e3o. Segundo os representantes dos trabalhadores, h\u00e1 relatos de entidade de base de que houve \u201cum relaxamento\u201d dos protocolos como o distanciamento na organiza\u00e7\u00e3o das filas nas ag\u00eancias e a disponibilidade de \u00e1lcool gel.<\/p>\n<p>A CONTEC lembrou que no CCT Fenaban h\u00e1 pelo menos tr\u00eas cl\u00e1usulas relacionadas \u00e0 sa\u00fade \u2013 10, 45, 65 e 69 \u2013 que precisam ser sempre lembradas nesse per\u00edodo de pandemia. Destacou ainda a cl\u00e1usula 69, que prev\u00ea negocia\u00e7\u00e3o permanente para tratar do tema COVID 19.<\/p>\n<p>A possibilidade da segunda onda da pandemia tamb\u00e9m foi um dos foco no debate. No entanto, a comiss\u00e3o bipartite parit\u00e1ria foi un\u00e2nime que \u00e9 necess\u00e1rio precau\u00e7\u00e3o, preven\u00e7\u00e3o e cautela para que vidas sejam salvas.<\/p>\n<p>A FENABAN disse que est\u00e1 \u00e0 disposi\u00e7\u00e3o de todas as entidade e se colocou para resolver os problemas graves identificados. O entendimento \u00e9 de que o momento exige uma atua\u00e7\u00e3o r\u00e1pida e tomada de medidas imediatas.<\/p>\n<p>Em rela\u00e7\u00e3o \u00e0s vacinas, a FENABAN disse que est\u00e1 acompanhando de perto o desenrolar das pesquisas e a comprova\u00e7\u00e3o de efic\u00e1cia.<\/p>\n<p>Nova reuni\u00e3o da comiss\u00e3o parit\u00e1ria bipartite de sa\u00fade FENABAN CONTEC ser\u00e1 marcada em breve.<\/p>\n<p>Fonte: CONTEC<\/p>\n","protected":false},"excerpt":{"rendered":"<p class=\"excerpt\">A Comiss\u00e3o Parit\u00e1ria Bipartite CONTEC\/FENABAN esteve reunida nesta sexta-feira (20), por videoconfer\u00eancia com a participa\u00e7\u00e3o de 31 pessoas, entre representantes dos bancos, federa\u00e7\u00f5es, sindicatos e diretoria da CONTEC. Por algumas horas, o grupo se concentrou nos assuntos voltados \u00e0 continuidade das a\u00e7\u00f5es e procedimentos para combater a prolifera\u00e7\u00e3o da pandemia do novo coronav\u00edrus. A comiss\u00e3o [&hellip;]<\/p>\n","protected":false},"author":2,"featured_media":13568,"comment_status":"closed","ping_status":"closed","sticky":false,"template":"","format":"standard","meta":{"_et_pb_use_builder":"","_et_pb_old_content":"","_et_gb_content_width":"","footnotes":""},"categories":[13],"tags":[],"class_list":["post-13566","post","type-post","status-publish","format-standard","has-post-thumbnail","hentry","category-noticias"],"_links":{"self":[{"href":"https:\/\/sjcbancarios.com.br\/site\/wp-json\/wp\/v2\/posts\/13566","targetHints":{"allow":["GET"]}}],"collection":[{"href":"https:\/\/sjcbancarios.com.br\/site\/wp-json\/wp\/v2\/posts"}],"about":[{"href":"https:\/\/sjcbancarios.com.br\/site\/wp-json\/wp\/v2\/types\/post"}],"author":[{"embeddable":true,"href":"https:\/\/sjcbancarios.com.br\/site\/wp-json\/wp\/v2\/users\/2"}],"replies":[{"embeddable":true,"href":"https:\/\/sjcbancarios.com.br\/site\/wp-json\/wp\/v2\/comments?post=13566"}],"version-history":[{"count":0,"href":"https:\/\/sjcbancarios.com.br\/site\/wp-json\/wp\/v2\/posts\/13566\/revisions"}],"wp:featuredmedia":[{"embeddable":true,"href":"https:\/\/sjcbancarios.com.br\/site\/wp-json\/wp\/v2\/media\/13568"}],"wp:attachment":[{"href":"https:\/\/sjcbancarios.com.br\/site\/wp-json\/wp\/v2\/media?parent=13566"}],"wp:term":[{"taxonomy":"category","embeddable":true,"href":"https:\/\/sjcbancarios.com.br\/site\/wp-json\/wp\/v2\/categories?post=13566"},{"taxonomy":"post_tag","embeddable":true,"href":"https:\/\/sjcbancarios.com.br\/site\/wp-json\/wp\/v2\/tags?post=13566"}],"curies":[{"name":"wp","href":"https:\/\/api.w.org\/{rel}","templated":true}]}}