{"id":13563,"date":"2020-11-19T13:14:06","date_gmt":"2020-11-19T16:14:06","guid":{"rendered":"https:\/\/sjcbancarios.com.br\/site\/?p=13563"},"modified":"2020-11-20T13:20:42","modified_gmt":"2020-11-20T16:20:42","slug":"tema-violencia-contra-a-mulher-e-retomado-entre-movimento-sindical-e-fenaban","status":"publish","type":"post","link":"https:\/\/sjcbancarios.com.br\/site\/noticias-em-destaque\/tema-violencia-contra-a-mulher-e-retomado-entre-movimento-sindical-e-fenaban\/","title":{"rendered":"Tema viol\u00eancia contra a mulher \u00e9 retomado entre movimento sindical e Fenaban"},"content":{"rendered":"<p style=\"text-align: justify;\">O movimento sindical e a Federa\u00e7\u00e3o Nacional dos Bancos (Fenaban) retomou no ultimo dia 13, as discuss\u00f5es sobre o \u2018Programa de Preven\u00e7\u00e3o e Enfrentamento \u00e0 Viol\u00eancia Contra a Mulher\u2019 e a implementa\u00e7\u00e3o do \u2018Canal de Den\u00fancia\u2019 para as banc\u00e1rias v\u00edtimas de viol\u00eancia, conforme acordo assinado em mar\u00e7o de 2020 e incorporado \u00e0s Cl\u00e1usulas 48 a 54 da Conven\u00e7\u00e3o Coletiva de Trabalho 2020-2022, assinada em setembro.<\/p>\n<p style=\"text-align: justify;\">O encontro ocorreu nesta quinta-feira, 12, por meio de videoconfer\u00eancia e definiu tamb\u00e9m, o calend\u00e1rio para as pr\u00f3ximas reuni\u00f5es e a\u00e7\u00f5es. Ficou definida que a programa\u00e7\u00e3o para o enfrentamento da viol\u00eancia contra a mulher ser\u00e1 intensificada neste m\u00eas, tendo em vista o M\u00eas da Consci\u00eancia Negra e os 16 Dias de Ativismo Pelo Fim da Viol\u00eancia Contra a Mulher, a ocorrer no per\u00edodo de 25 de novembro a 10 de dezembro.<\/p>\n<p style=\"text-align: justify;\">Ainda neste m\u00eas ocorrer\u00e1 uma a\u00e7\u00e3o em conjunto com a categoria para a ampla divulga\u00e7\u00e3o do canal de den\u00fancias.<br \/>\n\u201cA categoria banc\u00e1ria sempre se manteve presente e forte na atua\u00e7\u00e3o nas quest\u00f5es de g\u00eanero e no combate \u00e0 viol\u00eancia contra a mulher. Continuaremos firmes nessa luta. O canal de den\u00fancia j\u00e1 \u00e9 uma grande conquista, que permite acolhimento, orienta\u00e7\u00e3o e ajuda para que a v\u00edtima possa romper o ciclo de viol\u00eancia\u201d, explica \u00c2ngela Savian, representante da Federa\u00e7\u00e3o dos Empregados em Estabelecimentos Banc\u00e1rios dos Estados de S\u00e3o Paulo e Mato Grosso do Sul.<\/p>\n<p style=\"text-align: justify;\">De acordo com os representantes da Fenaban, ap\u00f3s a incorpora\u00e7\u00e3o do canal de atendimento \u00e0s banc\u00e1rias v\u00edtimas de viol\u00eancia, no m\u00eas de setembro, registrou-se um aumento do n\u00famero de den\u00fancias. O que indica que, a partir do momento em que o canal de atendimento foi incorporado \u00e0 CCT, as v\u00edtimas passaram a procurar o atendimento nos bancos.<\/p>\n<p style=\"text-align: justify;\">A Fenaban informou ainda, que tamb\u00e9m no m\u00eas de dezembro, ocorrer\u00e1 a capacita\u00e7\u00e3o de cerca de 300 representantes das institui\u00e7\u00f5es banc\u00e1rias. O objetivo \u00e9 sistematizar as a\u00e7\u00f5es para o melhor acolhimento e atendimento \u00e0s mulheres v\u00edtimas de viol\u00eancia. Para a segunda semana de dezembro, a mesa volta a se reunir com o movimento sindical para apresentar as iniciativas realizadas.<\/p>\n<p style=\"text-align: justify;\"><strong>Debate sobre o tema<\/strong><br \/>\nO debate sobre o atendimento das banc\u00e1rias v\u00edtimas de viol\u00eancia foi levantado pela primeira vez pelo movimento sindical em fevereiro de 2019. Em mar\u00e7o de 2020, ap\u00f3s debate entre as partes, foi acordada a cria\u00e7\u00e3o de um programa para as v\u00edtimas de viol\u00eancia dom\u00e9stica e do canal de atendimento nos bancos. O acordo foi incorporado na CCT aprovada em setembro. A reuni\u00e3o desta quinta-feira teve por objetivo encaminhar a estrutura\u00e7\u00e3o desse sistema de atendimento.<\/p>\n<p style=\"text-align: justify;\"><strong>Combate ao Racismo<\/strong><br \/>\nAinda em reuni\u00e3o, os representantes da categoria enfatizaram a import\u00e2ncia do combate ao racismo por meio de a\u00e7\u00f5es permanentes que promovam a conscientiza\u00e7\u00e3o e a igualdade de oportunidades. Em resposta, a representa\u00e7\u00e3o dos banc\u00e1rios concordou que \u00e9 necess\u00e1rio que, tanto na quest\u00e3o de g\u00eanero como no combate ao racismo, sejam feitas duas frentes de trabalho, sendo uma para o atendimento \u00e0s v\u00edtimas e outra educativa e de conscientiza\u00e7\u00e3o, dentro dos bancos.<br \/>\nA pr\u00f3xima reuni\u00e3o est\u00e1 prevista para o dia 11 de dezembro.<\/p>\n<p style=\"text-align: justify;\">Fonte: Federa\u00e7\u00e3o dos banc\u00e1rios de SPMS<\/p>\n","protected":false},"excerpt":{"rendered":"<p class=\"excerpt\">O movimento sindical e a Federa\u00e7\u00e3o Nacional dos Bancos (Fenaban) retomou no ultimo dia 13, as discuss\u00f5es sobre o \u2018Programa de Preven\u00e7\u00e3o e Enfrentamento \u00e0 Viol\u00eancia Contra a Mulher\u2019 e a implementa\u00e7\u00e3o do \u2018Canal de Den\u00fancia\u2019 para as banc\u00e1rias v\u00edtimas de viol\u00eancia, conforme acordo assinado em mar\u00e7o de 2020 e incorporado \u00e0s Cl\u00e1usulas 48 a [&hellip;]<\/p>\n","protected":false},"author":2,"featured_media":13564,"comment_status":"closed","ping_status":"closed","sticky":false,"template":"","format":"standard","meta":{"_et_pb_use_builder":"","_et_pb_old_content":"","_et_gb_content_width":"","footnotes":""},"categories":[155],"tags":[],"class_list":["post-13563","post","type-post","status-publish","format-standard","has-post-thumbnail","hentry","category-noticias-em-destaque"],"_links":{"self":[{"href":"https:\/\/sjcbancarios.com.br\/site\/wp-json\/wp\/v2\/posts\/13563","targetHints":{"allow":["GET"]}}],"collection":[{"href":"https:\/\/sjcbancarios.com.br\/site\/wp-json\/wp\/v2\/posts"}],"about":[{"href":"https:\/\/sjcbancarios.com.br\/site\/wp-json\/wp\/v2\/types\/post"}],"author":[{"embeddable":true,"href":"https:\/\/sjcbancarios.com.br\/site\/wp-json\/wp\/v2\/users\/2"}],"replies":[{"embeddable":true,"href":"https:\/\/sjcbancarios.com.br\/site\/wp-json\/wp\/v2\/comments?post=13563"}],"version-history":[{"count":0,"href":"https:\/\/sjcbancarios.com.br\/site\/wp-json\/wp\/v2\/posts\/13563\/revisions"}],"wp:featuredmedia":[{"embeddable":true,"href":"https:\/\/sjcbancarios.com.br\/site\/wp-json\/wp\/v2\/media\/13564"}],"wp:attachment":[{"href":"https:\/\/sjcbancarios.com.br\/site\/wp-json\/wp\/v2\/media?parent=13563"}],"wp:term":[{"taxonomy":"category","embeddable":true,"href":"https:\/\/sjcbancarios.com.br\/site\/wp-json\/wp\/v2\/categories?post=13563"},{"taxonomy":"post_tag","embeddable":true,"href":"https:\/\/sjcbancarios.com.br\/site\/wp-json\/wp\/v2\/tags?post=13563"}],"curies":[{"name":"wp","href":"https:\/\/api.w.org\/{rel}","templated":true}]}}