{"id":13560,"date":"2020-11-20T13:09:54","date_gmt":"2020-11-20T16:09:54","guid":{"rendered":"https:\/\/sjcbancarios.com.br\/site\/?p=13560"},"modified":"2020-11-23T10:29:55","modified_gmt":"2020-11-23T13:29:55","slug":"mesa-discute-ameaca-de-segunda-onda-do-covid-19","status":"publish","type":"post","link":"https:\/\/sjcbancarios.com.br\/site\/noticias\/mesa-discute-ameaca-de-segunda-onda-do-covid-19\/","title":{"rendered":"Mesa discute amea\u00e7a de segunda onda do Covid 19"},"content":{"rendered":"<p style=\"text-align: justify;\">Nesta sexta-feira, dia 20, o Comando Nacional dos Banc\u00e1rios se re\u00fane com representantes da Federa\u00e7\u00e3o Nacional dos Bancos (Fenaban) na Mesa Covid. O objetivo do encontro agendado para as 15h por videoconfer\u00eancia \u00e9 discutir a segunda onda do Covid 19 e refor\u00e7ar seguran\u00e7a no ambiente banc\u00e1rio contra a doen\u00e7a.<\/p>\n<p style=\"text-align: justify;\">\u201cVamos juntos enfatizar a import\u00e2ncia da manuten\u00e7\u00e3o dos servi\u00e7os por meio do teletrabalho, bem como a seguran\u00e7a nas ag\u00eancias evitando assim que o v\u00edrus se espalhe e coloque em risco tanto banc\u00e1rio como familiares e clientes. \u00c9 um momento importante para nos resguardarmos e protegermos principalmente aqueles que est\u00e3o na linha de frente dos atendimentos&#8221;, declara Jeferson Boava, presidente da Federa\u00e7\u00e3o dos Banc\u00e1rios dos Estados de S\u00e3o Paulo e Mato Grosso do Sul.<\/p>\n<p style=\"text-align: justify;\">O alerta se deu ap\u00f3s o crescimento de uma segunda onda de covid-19 na Europa. Nesta semana, o levantamento do cons\u00f3rcio de ve\u00edculos de imprensa divulgou que o Brasil tem 166.847 mortes por coronav\u00edrus e que a m\u00e9dia m\u00f3vel de mortes est\u00e1 em alta de 45% em compara\u00e7\u00e3o \u00e0 m\u00e9dia de 14 dias.<\/p>\n<p style=\"text-align: justify;\">Vale lembrar que no in\u00edcio da pandemia no Brasil, o Comando Nacional dos Banc\u00e1rios se reuniu com a Fenaban para garantir condi\u00e7\u00f5es m\u00ednimas de seguran\u00e7a para a categoria, entre elas a implementa\u00e7\u00e3o do teletrabalho. Cerca de 300 mil banc\u00e1rios e banc\u00e1rias chegaram a trabalhar em casa como medida de seguran\u00e7a.<\/p>\n<p style=\"text-align: justify;\">&#8220;Vamos mais uma vez refor\u00e7ar as medidas adotadas levando em considera\u00e7\u00e3o a preserva\u00e7\u00e3o da vida e da sa\u00fade em primeiro lugar&#8221;, destaca Boava.<\/p>\n<p>Fonte: Federa\u00e7\u00e3o dos banc\u00e1rios de SPMS<\/p>\n","protected":false},"excerpt":{"rendered":"<p class=\"excerpt\">Nesta sexta-feira, dia 20, o Comando Nacional dos Banc\u00e1rios se re\u00fane com representantes da Federa\u00e7\u00e3o Nacional dos Bancos (Fenaban) na Mesa Covid. O objetivo do encontro agendado para as 15h por videoconfer\u00eancia \u00e9 discutir a segunda onda do Covid 19 e refor\u00e7ar seguran\u00e7a no ambiente banc\u00e1rio contra a doen\u00e7a. \u201cVamos juntos enfatizar a import\u00e2ncia da [&hellip;]<\/p>\n","protected":false},"author":2,"featured_media":13561,"comment_status":"closed","ping_status":"closed","sticky":false,"template":"","format":"standard","meta":{"_et_pb_use_builder":"","_et_pb_old_content":"","_et_gb_content_width":"","footnotes":""},"categories":[13],"tags":[],"class_list":["post-13560","post","type-post","status-publish","format-standard","has-post-thumbnail","hentry","category-noticias"],"_links":{"self":[{"href":"https:\/\/sjcbancarios.com.br\/site\/wp-json\/wp\/v2\/posts\/13560","targetHints":{"allow":["GET"]}}],"collection":[{"href":"https:\/\/sjcbancarios.com.br\/site\/wp-json\/wp\/v2\/posts"}],"about":[{"href":"https:\/\/sjcbancarios.com.br\/site\/wp-json\/wp\/v2\/types\/post"}],"author":[{"embeddable":true,"href":"https:\/\/sjcbancarios.com.br\/site\/wp-json\/wp\/v2\/users\/2"}],"replies":[{"embeddable":true,"href":"https:\/\/sjcbancarios.com.br\/site\/wp-json\/wp\/v2\/comments?post=13560"}],"version-history":[{"count":0,"href":"https:\/\/sjcbancarios.com.br\/site\/wp-json\/wp\/v2\/posts\/13560\/revisions"}],"wp:featuredmedia":[{"embeddable":true,"href":"https:\/\/sjcbancarios.com.br\/site\/wp-json\/wp\/v2\/media\/13561"}],"wp:attachment":[{"href":"https:\/\/sjcbancarios.com.br\/site\/wp-json\/wp\/v2\/media?parent=13560"}],"wp:term":[{"taxonomy":"category","embeddable":true,"href":"https:\/\/sjcbancarios.com.br\/site\/wp-json\/wp\/v2\/categories?post=13560"},{"taxonomy":"post_tag","embeddable":true,"href":"https:\/\/sjcbancarios.com.br\/site\/wp-json\/wp\/v2\/tags?post=13560"}],"curies":[{"name":"wp","href":"https:\/\/api.w.org\/{rel}","templated":true}]}}