{"id":13542,"date":"2020-11-19T11:34:49","date_gmt":"2020-11-19T14:34:49","guid":{"rendered":"https:\/\/sjcbancarios.com.br\/site\/?p=13542"},"modified":"2020-11-19T15:38:14","modified_gmt":"2020-11-19T18:38:14","slug":"governo-define-13o-salario-de-trabalhador-com-salario-reduzido-e-contrato-suspenso","status":"publish","type":"post","link":"https:\/\/sjcbancarios.com.br\/site\/noticias\/governo-define-13o-salario-de-trabalhador-com-salario-reduzido-e-contrato-suspenso\/","title":{"rendered":"Governo define 13\u00ba sal\u00e1rio de trabalhador com sal\u00e1rio reduzido e contrato suspenso"},"content":{"rendered":"<p>A regra deve ser observada, especialmente, nos casos em que os trabalhadores estiverem praticando jornada reduzida no m\u00eas de dezembro<\/p>\n<p><img loading=\"lazy\" decoding=\"async\" class=\"alignnone wp-image-13543 size-full\" src=\"https:\/\/sjcbancarios.com.br\/site\/wp-content\/uploads\/2020\/11\/realdinheiro_moeda_1310202270.jpg\" alt=\"\" width=\"1024\" height=\"768\" srcset=\"https:\/\/sjcbancarios.com.br\/site\/wp-content\/uploads\/2020\/11\/realdinheiro_moeda_1310202270.jpg 1024w, https:\/\/sjcbancarios.com.br\/site\/wp-content\/uploads\/2020\/11\/realdinheiro_moeda_1310202270-400x300.jpg 400w, https:\/\/sjcbancarios.com.br\/site\/wp-content\/uploads\/2020\/11\/realdinheiro_moeda_1310202270-768x576.jpg 768w, https:\/\/sjcbancarios.com.br\/site\/wp-content\/uploads\/2020\/11\/realdinheiro_moeda_1310202270-24x18.jpg 24w, https:\/\/sjcbancarios.com.br\/site\/wp-content\/uploads\/2020\/11\/realdinheiro_moeda_1310202270-36x27.jpg 36w, https:\/\/sjcbancarios.com.br\/site\/wp-content\/uploads\/2020\/11\/realdinheiro_moeda_1310202270-48x36.jpg 48w\" sizes=\"(max-width: 1024px) 100vw, 1024px\" \/><\/p>\n<p>A Secretaria Especial de Previd\u00eancia e Trabalho informou nesta ter\u00e7a-feira (17) que vai orientar que o valor do 13\u00ba sal\u00e1rio e das f\u00e9rias de trabalhadores que tiveram jornadas e sal\u00e1rios parcialmente reduzidos devem ter as parcelas pagas com base na remunera\u00e7\u00e3o integral.<\/p>\n<p>A regra deve ser observada, especialmente, nos casos em que os trabalhadores estiverem praticando jornada reduzida no m\u00eas de dezembro.<\/p>\n<p>Para os contratos suspensos no \u00e2mbito do benef\u00edcio Emergencial, os per\u00edodos de suspens\u00e3o n\u00e3o devem ser computados como tempo de servi\u00e7o e para c\u00e1lculo de 13\u00ba e f\u00e9rias.<\/p>\n<p>A exce\u00e7\u00e3o \u00e9 para os casos em que os empregados prestaram servi\u00e7o por mais de 15 dias no m\u00eas, que j\u00e1 est\u00e3o previstos na legisla\u00e7\u00e3o vigente, favorecendo, assim, o trabalhador.<\/p>\n<p>As informa\u00e7\u00f5es est\u00e3o em uma nota t\u00e9cnica do governo acerca dos par\u00e2metros a serem observados pelos empregadores para fins de c\u00e1lculo dos valores de 13\u00ba sal\u00e1rio e concess\u00e3o de f\u00e9rias de trabalhadores que tiveram os contratos temporariamente suspensos ou as jornadas parcialmente reduzidas em raz\u00e3o de ades\u00e3o ao Programa<\/p>\n<p>Emergencial de Manuten\u00e7\u00e3o do Emprego e da Renda (BEm), institu\u00eddo pela Lei n\u00ba 14.020 de 2020.<\/p>\n<p>\u201cA diferencia\u00e7\u00e3o os as f\u00f3rmulas para c\u00e1lculo ocorre porque na redu\u00e7\u00e3o de jornada o empregado permanece recebendo sal\u00e1rio, sem afetar seu tempo de servi\u00e7o na empresa, o que permite computar o per\u00edodo de trabalho para todos os efeitos legais\u201d, informou a secretaria.<\/p>\n<p>\u201cCom a suspens\u00e3o dos contratos de trabalho, no entanto, a empresa n\u00e3o efetua pagamento de sal\u00e1rios e o per\u00edodo de afastamento n\u00e3o \u00e9 considerado para contagem de tempo de servi\u00e7o, afetando assim o c\u00e1lculo das f\u00e9rias e do 13\u00ba\u201d, completou.<\/p>\n<p>As informa\u00e7\u00f5es s\u00e3o da FolhaPress<\/p>\n<p>Fonte: Jornal de Bras\u00edlia \/ Contec<\/p>\n","protected":false},"excerpt":{"rendered":"<p class=\"excerpt\">A regra deve ser observada, especialmente, nos casos em que os trabalhadores estiverem praticando jornada reduzida no m\u00eas de dezembro A Secretaria Especial de Previd\u00eancia e Trabalho informou nesta ter\u00e7a-feira (17) que vai orientar que o valor do 13\u00ba sal\u00e1rio e das f\u00e9rias de trabalhadores que tiveram jornadas e sal\u00e1rios parcialmente reduzidos devem ter as [&hellip;]<\/p>\n","protected":false},"author":2,"featured_media":13544,"comment_status":"closed","ping_status":"closed","sticky":false,"template":"","format":"standard","meta":{"_et_pb_use_builder":"","_et_pb_old_content":"","_et_gb_content_width":"","footnotes":""},"categories":[13],"tags":[],"class_list":["post-13542","post","type-post","status-publish","format-standard","has-post-thumbnail","hentry","category-noticias"],"_links":{"self":[{"href":"https:\/\/sjcbancarios.com.br\/site\/wp-json\/wp\/v2\/posts\/13542","targetHints":{"allow":["GET"]}}],"collection":[{"href":"https:\/\/sjcbancarios.com.br\/site\/wp-json\/wp\/v2\/posts"}],"about":[{"href":"https:\/\/sjcbancarios.com.br\/site\/wp-json\/wp\/v2\/types\/post"}],"author":[{"embeddable":true,"href":"https:\/\/sjcbancarios.com.br\/site\/wp-json\/wp\/v2\/users\/2"}],"replies":[{"embeddable":true,"href":"https:\/\/sjcbancarios.com.br\/site\/wp-json\/wp\/v2\/comments?post=13542"}],"version-history":[{"count":0,"href":"https:\/\/sjcbancarios.com.br\/site\/wp-json\/wp\/v2\/posts\/13542\/revisions"}],"wp:featuredmedia":[{"embeddable":true,"href":"https:\/\/sjcbancarios.com.br\/site\/wp-json\/wp\/v2\/media\/13544"}],"wp:attachment":[{"href":"https:\/\/sjcbancarios.com.br\/site\/wp-json\/wp\/v2\/media?parent=13542"}],"wp:term":[{"taxonomy":"category","embeddable":true,"href":"https:\/\/sjcbancarios.com.br\/site\/wp-json\/wp\/v2\/categories?post=13542"},{"taxonomy":"post_tag","embeddable":true,"href":"https:\/\/sjcbancarios.com.br\/site\/wp-json\/wp\/v2\/tags?post=13542"}],"curies":[{"name":"wp","href":"https:\/\/api.w.org\/{rel}","templated":true}]}}