{"id":13461,"date":"2020-11-03T18:37:49","date_gmt":"2020-11-03T21:37:49","guid":{"rendered":"https:\/\/sjcbancarios.com.br\/site\/?p=13461"},"modified":"2020-11-03T18:37:49","modified_gmt":"2020-11-03T21:37:49","slug":"sindicato-reintegra-bancario-do-bradesco","status":"publish","type":"post","link":"https:\/\/sjcbancarios.com.br\/site\/noticias-em-destaque\/sindicato-reintegra-bancario-do-bradesco\/","title":{"rendered":"Sindicato reintegra banc\u00e1rio do Bradesco"},"content":{"rendered":"<p style=\"text-align: justify;\">Os Bancos t\u00eam demitido em massa em plena pandemia, descumprindo o acordo firmado com a categoria. Mas o Departamento Jur\u00eddico do Sindicato est\u00e1 atento e trabalhando duro para garantir os direitos dos banc\u00e1rios da nossa regi\u00e3o.<\/p>\n<p style=\"text-align: justify;\">No ultimo dia 27 de outubro nosso departamento jur\u00eddico garantiu na justi\u00e7a a reintegra\u00e7\u00e3o do funcion\u00e1rio D\u00e9cio Mozart, gerente administrativo do Banco Bradesco, que estava muito pr\u00f3ximo de adquirir o direito \u00e0 estabilidade pr\u00e9-aposentadoria, garantida pela Conven\u00e7\u00e3o Coletiva dos Banc\u00e1rios.<\/p>\n<p style=\"text-align: justify;\">\u201cO banc\u00e1rio D\u00e9cio Mozart estava a menos de 03 anos para conseguir a aposentadoria quando veio \u00e0 reforma previdenci\u00e1ria e aumentou o tempo com imposi\u00e7\u00e3o de ped\u00e1gio da lei. Mesmo assim conquistamos uma senten\u00e7a favor\u00e1vel determinando a reintegra\u00e7\u00e3o com antecipa\u00e7\u00e3o dos efeitos da tutela, determinando o imediato retorno do banc\u00e1rio \u00e0s suas atividades\u201d, relata Marcus Vinicius Palmeira, diretor do departamento jur\u00eddico do sindicato.<\/p>\n<p style=\"text-align: justify;\">O funcion\u00e1rio trabalhou na ag\u00eancia Colinas (Posto Chaparral), em S\u00e3o Jos\u00e9 dos Campos, mas foi transferido para a cidade de Aparecida onde ocorreu a demiss\u00e3o e a reintegra\u00e7\u00e3o. Na ocasi\u00e3o da reintegra\u00e7\u00e3o o Sindicato contou com a presen\u00e7a e parceria dos companheiros do Sindicato de Guaratinguet\u00e1, Claudio Vasques, presidente e Francisco, diretor.<\/p>\n<p style=\"text-align: justify;\">O Sindicato est\u00e1 atento a todas as demiss\u00f5es e demandas dos banc\u00e1rios, nosso departamento jur\u00eddico vai lutar para garantir a reintegra\u00e7\u00e3o de todos os empregados que quiserem e forem demitidos injustamente com algum tipo de estabilidade, como aqueles em pr\u00e9-aposentadoria ou em vias de alcan\u00e7ar esse direito, doen\u00e7as do trabalho, doen\u00e7as graves ou pessoas portadoras de defici\u00eancia, principalmente em \u00e9poca de pandemia, enquanto vigora o estado de calamidade p\u00fablica nos termos do Decreto n\u00ba 06\/2020.<\/p>\n<p style=\"text-align: justify;\">Procure sempre o Sindicato em caso de demiss\u00e3o para confer\u00eancia integral de seus direitos trabalhista e para avaliar a legalidade ou n\u00e3o da demiss\u00e3o.<\/p>\n<p>&nbsp;<\/p>\n<p>Fonte: Departamento Jur\u00eddico Sindicato dos banc\u00e1rios de SJCampos.<\/p>\n<p style=\"text-align: justify;\">\u00a0<\/p>\n","protected":false},"excerpt":{"rendered":"<p class=\"excerpt\">Os Bancos t\u00eam demitido em massa em plena pandemia, descumprindo o acordo firmado com a categoria. Mas o Departamento Jur\u00eddico do Sindicato est\u00e1 atento e trabalhando duro para garantir os direitos dos banc\u00e1rios da nossa regi\u00e3o. No ultimo dia 27 de outubro nosso departamento jur\u00eddico garantiu na justi\u00e7a a reintegra\u00e7\u00e3o do funcion\u00e1rio D\u00e9cio Mozart, gerente [&hellip;]<\/p>\n","protected":false},"author":2,"featured_media":13462,"comment_status":"closed","ping_status":"closed","sticky":false,"template":"","format":"standard","meta":{"_et_pb_use_builder":"","_et_pb_old_content":"","_et_gb_content_width":"","footnotes":""},"categories":[155],"tags":[],"class_list":["post-13461","post","type-post","status-publish","format-standard","has-post-thumbnail","hentry","category-noticias-em-destaque"],"_links":{"self":[{"href":"https:\/\/sjcbancarios.com.br\/site\/wp-json\/wp\/v2\/posts\/13461","targetHints":{"allow":["GET"]}}],"collection":[{"href":"https:\/\/sjcbancarios.com.br\/site\/wp-json\/wp\/v2\/posts"}],"about":[{"href":"https:\/\/sjcbancarios.com.br\/site\/wp-json\/wp\/v2\/types\/post"}],"author":[{"embeddable":true,"href":"https:\/\/sjcbancarios.com.br\/site\/wp-json\/wp\/v2\/users\/2"}],"replies":[{"embeddable":true,"href":"https:\/\/sjcbancarios.com.br\/site\/wp-json\/wp\/v2\/comments?post=13461"}],"version-history":[{"count":0,"href":"https:\/\/sjcbancarios.com.br\/site\/wp-json\/wp\/v2\/posts\/13461\/revisions"}],"wp:featuredmedia":[{"embeddable":true,"href":"https:\/\/sjcbancarios.com.br\/site\/wp-json\/wp\/v2\/media\/13462"}],"wp:attachment":[{"href":"https:\/\/sjcbancarios.com.br\/site\/wp-json\/wp\/v2\/media?parent=13461"}],"wp:term":[{"taxonomy":"category","embeddable":true,"href":"https:\/\/sjcbancarios.com.br\/site\/wp-json\/wp\/v2\/categories?post=13461"},{"taxonomy":"post_tag","embeddable":true,"href":"https:\/\/sjcbancarios.com.br\/site\/wp-json\/wp\/v2\/tags?post=13461"}],"curies":[{"name":"wp","href":"https:\/\/api.w.org\/{rel}","templated":true}]}}