{"id":13443,"date":"2020-10-30T09:44:02","date_gmt":"2020-10-30T12:44:02","guid":{"rendered":"https:\/\/sjcbancarios.com.br\/site\/?p=13443"},"modified":"2020-10-30T09:44:02","modified_gmt":"2020-10-30T12:44:02","slug":"movimento-sindical-discute-saude-dos-bancarios-com-bancos","status":"publish","type":"post","link":"https:\/\/sjcbancarios.com.br\/site\/noticias\/movimento-sindical-discute-saude-dos-bancarios-com-bancos\/","title":{"rendered":"Movimento sindical discute sa\u00fade dos banc\u00e1rios com bancos"},"content":{"rendered":"<p>Demiss\u00f5es e interpreta\u00e7\u00e3o da cl\u00e1usula 29 da CCT tamb\u00e9m foram debatidas<\/p>\n<p>Representantes do movimento sindical estiveram reunidos nesta quarta-feira, 28, junto com a Federa\u00e7\u00e3o Nacional dos Bancos (Fenaban) para discutirem a Sa\u00fade dos banc\u00e1rios neste per\u00edodo da pandemia do novo coronav\u00edrus. A reuni\u00e3o aconteceu de forma virtual e contou com a participa\u00e7\u00e3o da Federa\u00e7\u00e3o dos Empregados em Estabelecimentos Banc\u00e1rios dos Estados de S\u00e3o Paulo e Mato Grosso do Sul (Feeb SP MS). \u201cEstamos todos preocupados com uma nova onda de dissemina\u00e7\u00e3o da Covid-19, por isso a reivindica\u00e7\u00e3o em maior rigor nas medidas de prote\u00e7\u00e3o \u00e0 vida dos banc\u00e1rios\u201d, destaca Gustavo Frias, representante da Feeb SP MS.<\/p>\n<p><img loading=\"lazy\" decoding=\"async\" class=\"aligncenter wp-image-13444 \" src=\"https:\/\/sjcbancarios.com.br\/site\/wp-content\/uploads\/2020\/10\/feeb02-2-358x300.jpg\" alt=\"\" width=\"413\" height=\"346\" srcset=\"https:\/\/sjcbancarios.com.br\/site\/wp-content\/uploads\/2020\/10\/feeb02-2-358x300.jpg 358w, https:\/\/sjcbancarios.com.br\/site\/wp-content\/uploads\/2020\/10\/feeb02-2-768x644.jpg 768w, https:\/\/sjcbancarios.com.br\/site\/wp-content\/uploads\/2020\/10\/feeb02-2-24x20.jpg 24w, https:\/\/sjcbancarios.com.br\/site\/wp-content\/uploads\/2020\/10\/feeb02-2-36x30.jpg 36w, https:\/\/sjcbancarios.com.br\/site\/wp-content\/uploads\/2020\/10\/feeb02-2-48x40.jpg 48w, https:\/\/sjcbancarios.com.br\/site\/wp-content\/uploads\/2020\/10\/feeb02-2.jpg 940w\" sizes=\"(max-width: 413px) 100vw, 413px\" \/><\/p>\n<p>De acordo com o movimento sindical, al\u00e9m de afrouxar as medida de prote\u00e7\u00e3o, os bancos tem convocado trabalhadores que integram ou coabitam com pessoas do grupo de risco a retornarem ao trabalho presencial.<br \/>\nDurante a reuni\u00e3o, a Fenaban assumiu compromisso de reorientar os bancos sobre as medidas de preven\u00e7\u00e3o.<\/p>\n<p><strong>Cl\u00e1usula 29\u00aa e demiss\u00f5es<\/strong><br \/>\nOutro ponto levantado pelos sindicatos foi a interpreta\u00e7\u00e3o da cl\u00e1usula 29\u00aa da Conven\u00e7\u00e3o Coletiva de Trabalho (CCT), referente \u00e0 complementa\u00e7\u00e3o de aux\u00edlio-doen\u00e7a previdenci\u00e1rio e aux\u00edlio-doen\u00e7a acident\u00e1rio ao banc\u00e1rio afastado do trabalho para tratamento de sa\u00fade. Em fun\u00e7\u00e3o da pandemia, o Instituto Nacional do Seguro Social (INSS) fechou ag\u00eancias e antecipou o valor de um sal\u00e1rio m\u00ednimo nacional, mediante apresenta\u00e7\u00e3o de atestado m\u00e9dico, com previs\u00e3o de per\u00edcia futura para o pagamento do valor restante do benef\u00edcio.<\/p>\n<p>De acordo com os sindicatos, a cl\u00e1usula 29\u00aa da CCT deve ser respeitada\/paga e com todos os reflexos (PLR, VR\/VA). Para a Fenaban, a situa\u00e7\u00e3o remete \u00e0 cl\u00e1usula 65\u00aa da CCT, que trata do adiantamento emergencial de sal\u00e1rio nos per\u00edodos transit\u00f3rios especiais de afastamento por doen\u00e7a. \u201cO problema \u00e9 que os bancos est\u00e3o cobrando toda a diferen\u00e7a de sal\u00e1rio pago ao trabalhador, resultando em endividamento. Mais grave ainda \u00e9 a situa\u00e7\u00e3o dos banc\u00e1rios que n\u00e3o receberam nenhuma complementa\u00e7\u00e3o salarial dos bancos, al\u00e9m dos R$ 1.045,00 (sal\u00e1rio m\u00ednimo nacional)\u201d, explica o representante da Feeb.<\/p>\n<p>Os sindicatos reivindicaram o parcelamento da devolu\u00e7\u00e3o dos valores antecipados pelos bancos, durante o afastamento do trabalho, caso seja devido e apontaram demiss\u00f5es de trabalhadores adoecidos sem nenhum crit\u00e9rio ou avalia\u00e7\u00e3o. De acordo com o movimento sindical, os exames demissionais ocorrem de forma abusiva e sem \u00e9tica. A Fenaban se prontificou a analisar as reivindica\u00e7\u00f5es e os problemas apontados.<\/p>\n<p>Fonte: Feeb SP\/MS<\/p>\n","protected":false},"excerpt":{"rendered":"<p class=\"excerpt\">Demiss\u00f5es e interpreta\u00e7\u00e3o da cl\u00e1usula 29 da CCT tamb\u00e9m foram debatidas Representantes do movimento sindical estiveram reunidos nesta quarta-feira, 28, junto com a Federa\u00e7\u00e3o Nacional dos Bancos (Fenaban) para discutirem a Sa\u00fade dos banc\u00e1rios neste per\u00edodo da pandemia do novo coronav\u00edrus. A reuni\u00e3o aconteceu de forma virtual e contou com a participa\u00e7\u00e3o da Federa\u00e7\u00e3o dos [&hellip;]<\/p>\n","protected":false},"author":2,"featured_media":13445,"comment_status":"closed","ping_status":"closed","sticky":false,"template":"","format":"standard","meta":{"_et_pb_use_builder":"","_et_pb_old_content":"","_et_gb_content_width":"","footnotes":""},"categories":[13],"tags":[],"class_list":["post-13443","post","type-post","status-publish","format-standard","has-post-thumbnail","hentry","category-noticias"],"_links":{"self":[{"href":"https:\/\/sjcbancarios.com.br\/site\/wp-json\/wp\/v2\/posts\/13443","targetHints":{"allow":["GET"]}}],"collection":[{"href":"https:\/\/sjcbancarios.com.br\/site\/wp-json\/wp\/v2\/posts"}],"about":[{"href":"https:\/\/sjcbancarios.com.br\/site\/wp-json\/wp\/v2\/types\/post"}],"author":[{"embeddable":true,"href":"https:\/\/sjcbancarios.com.br\/site\/wp-json\/wp\/v2\/users\/2"}],"replies":[{"embeddable":true,"href":"https:\/\/sjcbancarios.com.br\/site\/wp-json\/wp\/v2\/comments?post=13443"}],"version-history":[{"count":0,"href":"https:\/\/sjcbancarios.com.br\/site\/wp-json\/wp\/v2\/posts\/13443\/revisions"}],"wp:featuredmedia":[{"embeddable":true,"href":"https:\/\/sjcbancarios.com.br\/site\/wp-json\/wp\/v2\/media\/13445"}],"wp:attachment":[{"href":"https:\/\/sjcbancarios.com.br\/site\/wp-json\/wp\/v2\/media?parent=13443"}],"wp:term":[{"taxonomy":"category","embeddable":true,"href":"https:\/\/sjcbancarios.com.br\/site\/wp-json\/wp\/v2\/categories?post=13443"},{"taxonomy":"post_tag","embeddable":true,"href":"https:\/\/sjcbancarios.com.br\/site\/wp-json\/wp\/v2\/tags?post=13443"}],"curies":[{"name":"wp","href":"https:\/\/api.w.org\/{rel}","templated":true}]}}