{"id":13437,"date":"2020-10-30T09:22:33","date_gmt":"2020-10-30T12:22:33","guid":{"rendered":"https:\/\/sjcbancarios.com.br\/site\/?p=13437"},"modified":"2020-10-30T09:22:33","modified_gmt":"2020-10-30T12:22:33","slug":"comissao-paritaria-bipartite-contec-fenaban","status":"publish","type":"post","link":"https:\/\/sjcbancarios.com.br\/site\/noticias\/comissao-paritaria-bipartite-contec-fenaban\/","title":{"rendered":"Comiss\u00e3o Parit\u00e1ria Bipartite CONTEC FENABAN"},"content":{"rendered":"<p>Nesta quinta-feira (29), foi realizada reuni\u00e3o da Comiss\u00e3o Parit\u00e1ria Bipartite CONTEC Fenaban, por videoconfer\u00eancia, para tratar do tema: sa\u00fade do trabalhador.<\/p>\n<p>Foi proposto um calend\u00e1rio de reuni\u00f5es \u2013 a serem confirmadas ainda para a primeira quinzena de novembro \u2013 com objetivo de debater assuntos relacionadas \u00e0 pandemia do novo coronav\u00edrus \u2013 o COVID 19.<\/p>\n<p>Tamb\u00e9m foi proposta a retomada das reuni\u00f5es do grupo de trabalho que trata de assuntos voltados \u00e0s rela\u00e7\u00f5es sindicais.<\/p>\n<p>As datas das novas reuni\u00f5es, que dever\u00e3o ser realizadas por videoconfer\u00eancia, ser\u00e3o confirmadas posteriormente.<\/p>\n<p>Fonte: Contec<\/p>\n","protected":false},"excerpt":{"rendered":"<p class=\"excerpt\">Nesta quinta-feira (29), foi realizada reuni\u00e3o da Comiss\u00e3o Parit\u00e1ria Bipartite CONTEC Fenaban, por videoconfer\u00eancia, para tratar do tema: sa\u00fade do trabalhador. Foi proposto um calend\u00e1rio de reuni\u00f5es \u2013 a serem confirmadas ainda para a primeira quinzena de novembro \u2013 com objetivo de debater assuntos relacionadas \u00e0 pandemia do novo coronav\u00edrus \u2013 o COVID 19. Tamb\u00e9m [&hellip;]<\/p>\n","protected":false},"author":2,"featured_media":13438,"comment_status":"closed","ping_status":"closed","sticky":false,"template":"","format":"standard","meta":{"_et_pb_use_builder":"","_et_pb_old_content":"","_et_gb_content_width":"","footnotes":""},"categories":[13],"tags":[],"class_list":["post-13437","post","type-post","status-publish","format-standard","has-post-thumbnail","hentry","category-noticias"],"_links":{"self":[{"href":"https:\/\/sjcbancarios.com.br\/site\/wp-json\/wp\/v2\/posts\/13437","targetHints":{"allow":["GET"]}}],"collection":[{"href":"https:\/\/sjcbancarios.com.br\/site\/wp-json\/wp\/v2\/posts"}],"about":[{"href":"https:\/\/sjcbancarios.com.br\/site\/wp-json\/wp\/v2\/types\/post"}],"author":[{"embeddable":true,"href":"https:\/\/sjcbancarios.com.br\/site\/wp-json\/wp\/v2\/users\/2"}],"replies":[{"embeddable":true,"href":"https:\/\/sjcbancarios.com.br\/site\/wp-json\/wp\/v2\/comments?post=13437"}],"version-history":[{"count":0,"href":"https:\/\/sjcbancarios.com.br\/site\/wp-json\/wp\/v2\/posts\/13437\/revisions"}],"wp:featuredmedia":[{"embeddable":true,"href":"https:\/\/sjcbancarios.com.br\/site\/wp-json\/wp\/v2\/media\/13438"}],"wp:attachment":[{"href":"https:\/\/sjcbancarios.com.br\/site\/wp-json\/wp\/v2\/media?parent=13437"}],"wp:term":[{"taxonomy":"category","embeddable":true,"href":"https:\/\/sjcbancarios.com.br\/site\/wp-json\/wp\/v2\/categories?post=13437"},{"taxonomy":"post_tag","embeddable":true,"href":"https:\/\/sjcbancarios.com.br\/site\/wp-json\/wp\/v2\/tags?post=13437"}],"curies":[{"name":"wp","href":"https:\/\/api.w.org\/{rel}","templated":true}]}}