{"id":13425,"date":"2020-10-28T11:04:26","date_gmt":"2020-10-28T14:04:26","guid":{"rendered":"https:\/\/sjcbancarios.com.br\/site\/?p=13425"},"modified":"2020-10-28T12:09:26","modified_gmt":"2020-10-28T15:09:26","slug":"banco-do-brasil-emite-informativo-sobre-retorno-ao-trabalho-presencial","status":"publish","type":"post","link":"https:\/\/sjcbancarios.com.br\/site\/noticias-em-destaque\/banco-do-brasil-emite-informativo-sobre-retorno-ao-trabalho-presencial\/","title":{"rendered":"Banco do Brasil emite informativo sobre retorno ao trabalho presencial"},"content":{"rendered":"<p style=\"text-align: justify;\">O Banco do Brasil emitiu na ultima segunda-feira, dia 19, um informativo sobre o retorno dos funcion\u00e1rios que se encontram em trabalho remoto (em casa). De acordo com o Banco, a medida foi aberta ap\u00f3s pedidos de funcion\u00e1rios.<\/p>\n<p style=\"text-align: justify;\">O retorno ser\u00e1 permitido aos funcion\u00e1rios que se autodeclararam \u201cpertencentes ao Grupo de Risco\u201d para a Covid-19. J\u00e1 os funcion\u00e1rios acima de 60 anos de idade, com diabetes de qualquer tipo, com obesidade grau 3 (IMC igual ou maior que 40), portadores de doen\u00e7as cr\u00f4nicas e\/ou gestantes, n\u00e3o est\u00e3o autorizados a voltar ao trabalho presencial. O Banco informa ainda, que o retorno deve ser volunt\u00e1rio, sendo necess\u00e1ria uma avalia\u00e7\u00e3o da equipe de sa\u00fade ocupacional da Gepes\/Sesmt.<\/p>\n<p style=\"text-align: justify;\">De acordo com a Federa\u00e7\u00e3o dos Empregados em Estabelecimentos Banc\u00e1rios dos Estados de S\u00e3o Paulo e Mato Grosso do Sul, apesar do atual quadro demonstrar queda no \u00edndice de cont\u00e1gio do novo coronav\u00edrus, em algumas regi\u00f5es, a contamina\u00e7\u00e3o continua sendo alta. &#8220;A situa\u00e7\u00e3o ainda \u00e9 bastante complicada,. O problema deveria ser tratado de outra forma como, por exemplo, com uma medida de redu\u00e7\u00e3o de metas. Funcion\u00e1rios que permaneceram nas ag\u00eancias tem enfrentado a pandemia bravamente e merecem respeito. J\u00e1 os que trabalham em suas casas, entendemos que \u00e9 responsabilidade de todos zelar pela prote\u00e7\u00e3o deles. Portanto, o<br \/>\nretorno precisa ser avaliado, caso a caso, com crit\u00e9rios. Acompanharemos esse processo e estaremos atentos em defesa de cada um&#8221;, explica a representante da Feeb SP MS, Elisa Ferreira.<\/p>\n<p>Fonte: Federa\u00e7\u00e3o dos Banc\u00e1rios de SPMS.<\/p>\n","protected":false},"excerpt":{"rendered":"<p class=\"excerpt\">O Banco do Brasil emitiu na ultima segunda-feira, dia 19, um informativo sobre o retorno dos funcion\u00e1rios que se encontram em trabalho remoto (em casa). De acordo com o Banco, a medida foi aberta ap\u00f3s pedidos de funcion\u00e1rios. O retorno ser\u00e1 permitido aos funcion\u00e1rios que se autodeclararam \u201cpertencentes ao Grupo de Risco\u201d para a Covid-19. [&hellip;]<\/p>\n","protected":false},"author":2,"featured_media":12974,"comment_status":"closed","ping_status":"closed","sticky":false,"template":"","format":"standard","meta":{"_et_pb_use_builder":"","_et_pb_old_content":"","_et_gb_content_width":"","footnotes":""},"categories":[155],"tags":[],"class_list":["post-13425","post","type-post","status-publish","format-standard","has-post-thumbnail","hentry","category-noticias-em-destaque"],"_links":{"self":[{"href":"https:\/\/sjcbancarios.com.br\/site\/wp-json\/wp\/v2\/posts\/13425","targetHints":{"allow":["GET"]}}],"collection":[{"href":"https:\/\/sjcbancarios.com.br\/site\/wp-json\/wp\/v2\/posts"}],"about":[{"href":"https:\/\/sjcbancarios.com.br\/site\/wp-json\/wp\/v2\/types\/post"}],"author":[{"embeddable":true,"href":"https:\/\/sjcbancarios.com.br\/site\/wp-json\/wp\/v2\/users\/2"}],"replies":[{"embeddable":true,"href":"https:\/\/sjcbancarios.com.br\/site\/wp-json\/wp\/v2\/comments?post=13425"}],"version-history":[{"count":0,"href":"https:\/\/sjcbancarios.com.br\/site\/wp-json\/wp\/v2\/posts\/13425\/revisions"}],"wp:featuredmedia":[{"embeddable":true,"href":"https:\/\/sjcbancarios.com.br\/site\/wp-json\/wp\/v2\/media\/12974"}],"wp:attachment":[{"href":"https:\/\/sjcbancarios.com.br\/site\/wp-json\/wp\/v2\/media?parent=13425"}],"wp:term":[{"taxonomy":"category","embeddable":true,"href":"https:\/\/sjcbancarios.com.br\/site\/wp-json\/wp\/v2\/categories?post=13425"},{"taxonomy":"post_tag","embeddable":true,"href":"https:\/\/sjcbancarios.com.br\/site\/wp-json\/wp\/v2\/tags?post=13425"}],"curies":[{"name":"wp","href":"https:\/\/api.w.org\/{rel}","templated":true}]}}