{"id":13382,"date":"2020-10-21T15:42:51","date_gmt":"2020-10-21T18:42:51","guid":{"rendered":"https:\/\/sjcbancarios.com.br\/site\/?p=13382"},"modified":"2020-10-23T10:59:55","modified_gmt":"2020-10-23T13:59:55","slug":"assembleia-virtual-vota-acordos-com-financeiras","status":"publish","type":"post","link":"https:\/\/sjcbancarios.com.br\/site\/noticias\/assembleia-virtual-vota-acordos-com-financeiras\/","title":{"rendered":"ATEN\u00c7\u00c3O!! Assembleia virtual vota acordos com financeiras."},"content":{"rendered":"<p style=\"text-align: justify;\">O Sindicato realiza assembleia virtual com os financi\u00e1rios, a partir das 15h00 de amanh\u00e3, dia 21 de outubro e com encerramento \u00e0s\u00a0 18:00 horas do dia 22 de outubro de 2020.\u00a0Leia o edital de convoca\u00e7\u00e3o da assembleia virtual abaixo:<\/p>\n<p><a href=\"https:\/\/sjcbancarios.com.br\/site\/noticias\/edital-assembleia-extraordinaria\/\">EDITAL DE CONVOCA\u00c7\u00c3O<\/a><\/p>\n<p style=\"text-align: justify;\">Na pauta, vota\u00e7\u00e3o da nova Conven\u00e7\u00e3o Coletiva de Trabalho (CCT) 2020\/2022 e da CCT espec\u00edfica sobre a Participa\u00e7\u00e3o nos Lucros e Resultados (PLR) 2020\/2021, finalizadas durante negocia\u00e7\u00e3o com a Federa\u00e7\u00e3o Interestadual das Institui\u00e7\u00f5es de Cr\u00e9dito, Financiamento e Investimento (Fenacrefi), no dia 1\u00ba deste m\u00eas de outubro.\u00a0<\/p>\n<p><a href=\"https:\/\/forms.gle\/7S8XkTsg664uGRPG6\">VOTE AQUI NA ASSEMBLEIA<\/a><\/p>\n<p style=\"text-align: justify;\">O Sindicato indica a aprova\u00e7\u00e3o do acordo, que prev\u00ea renova\u00e7\u00e3o de todos os direitos previstos na CCT por dois anos (2020-2021), e ainda: reajuste de 1,13% (que corresponde a 55% do INPC do per\u00edodo) nos sal\u00e1rios e nos sal\u00e1rios de ingresso, com abono de R$ 1 mil para todos. Al\u00e9m disso, todos os benef\u00edcios ter\u00e3o reajuste integral do INPC, isto \u00e9, corre\u00e7\u00e3o de 2,05%.<\/p>\n<p style=\"text-align: justify;\">Para 2021, o acordo prev\u00ea reajuste nos sal\u00e1rios, inclusive os de ingresso, pelo INPC integral do per\u00edodo (acumulado entre 1\u00ba de junho de 2020 a 31 de maio de 2021).<\/p>\n<p style=\"text-align: justify;\">Sobre a Participa\u00e7\u00e3o dos Lucros e Resultados (PLR), a proposta para 2020 \u00e9 de manuten\u00e7\u00e3o, na \u00edntegra, das regras j\u00e1 estabelecidas na PLR-CCT vencida, aplicando sobre os valores fixos e tetos o valor integral do INPC para 2020. Para 2021, ficou acordado a cria\u00e7\u00e3o de um grupo de trabalho, at\u00e9 novembro de 2020, para discutir eventuais altera\u00e7\u00f5es no modelo atual de PLR. Se n\u00e3o houver evolu\u00e7\u00e3o do tema no grupo, ser\u00e1 mantida a regra de 2020, com aplica\u00e7\u00e3o do INPC.<\/p>\n<p style=\"text-align: justify;\">Houve avan\u00e7o tamb\u00e9m em outro ponto: as financeiras concordaram em debater e apoiar a causa de combate \u00e0 viol\u00eancia contra a mulher, estabelecendo medidas de prote\u00e7\u00e3o e apoio a essas v\u00edtimas, por instrumento de ades\u00e3o pelas empresas.<\/p>\n<p>&nbsp;<\/p>\n<p>FONTE: Federa\u00e7\u00e3o dos banc\u00e1rios de SPMS<\/p>\n<p>&nbsp;<\/p>\n","protected":false},"excerpt":{"rendered":"<p class=\"excerpt\">O Sindicato realiza assembleia virtual com os financi\u00e1rios, a partir das 15h00 de amanh\u00e3, dia 21 de outubro e com encerramento \u00e0s\u00a0 18:00 horas do dia 22 de outubro de 2020.\u00a0Leia o edital de convoca\u00e7\u00e3o da assembleia virtual abaixo: EDITAL DE CONVOCA\u00c7\u00c3O Na pauta, vota\u00e7\u00e3o da nova Conven\u00e7\u00e3o Coletiva de Trabalho (CCT) 2020\/2022 e da [&hellip;]<\/p>\n","protected":false},"author":2,"featured_media":13384,"comment_status":"closed","ping_status":"closed","sticky":false,"template":"","format":"standard","meta":{"_et_pb_use_builder":"","_et_pb_old_content":"","_et_gb_content_width":"","footnotes":""},"categories":[13],"tags":[],"class_list":["post-13382","post","type-post","status-publish","format-standard","has-post-thumbnail","hentry","category-noticias"],"_links":{"self":[{"href":"https:\/\/sjcbancarios.com.br\/site\/wp-json\/wp\/v2\/posts\/13382","targetHints":{"allow":["GET"]}}],"collection":[{"href":"https:\/\/sjcbancarios.com.br\/site\/wp-json\/wp\/v2\/posts"}],"about":[{"href":"https:\/\/sjcbancarios.com.br\/site\/wp-json\/wp\/v2\/types\/post"}],"author":[{"embeddable":true,"href":"https:\/\/sjcbancarios.com.br\/site\/wp-json\/wp\/v2\/users\/2"}],"replies":[{"embeddable":true,"href":"https:\/\/sjcbancarios.com.br\/site\/wp-json\/wp\/v2\/comments?post=13382"}],"version-history":[{"count":0,"href":"https:\/\/sjcbancarios.com.br\/site\/wp-json\/wp\/v2\/posts\/13382\/revisions"}],"wp:featuredmedia":[{"embeddable":true,"href":"https:\/\/sjcbancarios.com.br\/site\/wp-json\/wp\/v2\/media\/13384"}],"wp:attachment":[{"href":"https:\/\/sjcbancarios.com.br\/site\/wp-json\/wp\/v2\/media?parent=13382"}],"wp:term":[{"taxonomy":"category","embeddable":true,"href":"https:\/\/sjcbancarios.com.br\/site\/wp-json\/wp\/v2\/categories?post=13382"},{"taxonomy":"post_tag","embeddable":true,"href":"https:\/\/sjcbancarios.com.br\/site\/wp-json\/wp\/v2\/tags?post=13382"}],"curies":[{"name":"wp","href":"https:\/\/api.w.org\/{rel}","templated":true}]}}