{"id":13362,"date":"2020-10-14T09:42:44","date_gmt":"2020-10-14T12:42:44","guid":{"rendered":"https:\/\/sjcbancarios.com.br\/site\/?p=13362"},"modified":"2020-10-16T09:47:24","modified_gmt":"2020-10-16T12:47:24","slug":"uniao-e-mpt-reforcam-combate-as-piores-formas-de-exploracao-do-trabalho","status":"publish","type":"post","link":"https:\/\/sjcbancarios.com.br\/site\/noticias\/uniao-e-mpt-reforcam-combate-as-piores-formas-de-exploracao-do-trabalho\/","title":{"rendered":"Uni\u00e3o e MPT refor\u00e7am combate \u00e0s piores formas de explora\u00e7\u00e3o do trabalho"},"content":{"rendered":"<p>O Minist\u00e9rio P\u00fablico do Trabalho (MPT) e o Minist\u00e9rio da Mulher, da Fam\u00edlia e dos Direitos Humanos assinaram nesta ter\u00e7a-feira (13) acordo de coopera\u00e7\u00e3o t\u00e9cnica para promover o interc\u00e2mbio de dados, informa\u00e7\u00f5es, conhecimento, sistemas e tecnologias com foco no combate \u00e0s piores formas do trabalho humano. O objetivo da parceria \u00e9 coibir viola\u00e7\u00f5es dos direitos fundamentais do cidad\u00e3o, especialmente no que se refere ao trabalho escravo, ao trabalho infantil, ao tr\u00e1fico de pessoas, \u00e0s fraudes trabalhistas, \u00e0s viola\u00e7\u00f5es ao meio ambiente do trabalho, bem como \u00e0 explora\u00e7\u00e3o sexual comercial de crian\u00e7as e adolescentes.<\/p>\n<p>Pelo acordo, as institui\u00e7\u00f5es dever\u00e3o desenvolver um Plano de Trabalho sobre essas viola\u00e7\u00f5es. O MPT ficar\u00e1 respons\u00e1vel por fornecer \u00e0 Ouvidoria Nacional dos Direitos Humanos informa\u00e7\u00f5es armazenadas no sistema \u201cMPT Digital\u201d e por disponibilizar acesso a ferramentas que propiciem levantamentos estrat\u00e9gicos para a elabora\u00e7\u00e3o de estudos e a bancos de dados para atender a investiga\u00e7\u00f5es criminais e civis em andamento.<\/p>\n<p>Caber\u00e1 ao Minist\u00e9rio da Mulher, Fam\u00edlia e dos Direitos Humanos, por meio da Ouvidoria Nacional dos Direitos Humanos, garantir acesso facilitado ao MPT a bases de dados com informa\u00e7\u00f5es sobre viola\u00e7\u00f5es de direitos fundamentais dos trabalhadores.<\/p>\n<p>O acordo de coopera\u00e7\u00e3o t\u00e9cnica tem prazo de vig\u00eancia de 48 meses a partir de sua assinatura, podendo ser prorrogado mediante celebra\u00e7\u00e3o de aditivo. O documento foi assinado pelo procurador-geral do Trabalho, Alberto Balazeiro, e pela ministra da Mulher, da Fam\u00edlia e dos Direitos Humanos, Damares Alves.<\/p>\n<p>Fonte: MPT \/ Contec<\/p>\n","protected":false},"excerpt":{"rendered":"<p class=\"excerpt\">O Minist\u00e9rio P\u00fablico do Trabalho (MPT) e o Minist\u00e9rio da Mulher, da Fam\u00edlia e dos Direitos Humanos assinaram nesta ter\u00e7a-feira (13) acordo de coopera\u00e7\u00e3o t\u00e9cnica para promover o interc\u00e2mbio de dados, informa\u00e7\u00f5es, conhecimento, sistemas e tecnologias com foco no combate \u00e0s piores formas do trabalho humano. O objetivo da parceria \u00e9 coibir viola\u00e7\u00f5es dos direitos [&hellip;]<\/p>\n","protected":false},"author":2,"featured_media":13364,"comment_status":"closed","ping_status":"closed","sticky":false,"template":"","format":"standard","meta":{"_et_pb_use_builder":"","_et_pb_old_content":"","_et_gb_content_width":"","footnotes":""},"categories":[13],"tags":[],"class_list":["post-13362","post","type-post","status-publish","format-standard","has-post-thumbnail","hentry","category-noticias"],"_links":{"self":[{"href":"https:\/\/sjcbancarios.com.br\/site\/wp-json\/wp\/v2\/posts\/13362","targetHints":{"allow":["GET"]}}],"collection":[{"href":"https:\/\/sjcbancarios.com.br\/site\/wp-json\/wp\/v2\/posts"}],"about":[{"href":"https:\/\/sjcbancarios.com.br\/site\/wp-json\/wp\/v2\/types\/post"}],"author":[{"embeddable":true,"href":"https:\/\/sjcbancarios.com.br\/site\/wp-json\/wp\/v2\/users\/2"}],"replies":[{"embeddable":true,"href":"https:\/\/sjcbancarios.com.br\/site\/wp-json\/wp\/v2\/comments?post=13362"}],"version-history":[{"count":0,"href":"https:\/\/sjcbancarios.com.br\/site\/wp-json\/wp\/v2\/posts\/13362\/revisions"}],"wp:featuredmedia":[{"embeddable":true,"href":"https:\/\/sjcbancarios.com.br\/site\/wp-json\/wp\/v2\/media\/13364"}],"wp:attachment":[{"href":"https:\/\/sjcbancarios.com.br\/site\/wp-json\/wp\/v2\/media?parent=13362"}],"wp:term":[{"taxonomy":"category","embeddable":true,"href":"https:\/\/sjcbancarios.com.br\/site\/wp-json\/wp\/v2\/categories?post=13362"},{"taxonomy":"post_tag","embeddable":true,"href":"https:\/\/sjcbancarios.com.br\/site\/wp-json\/wp\/v2\/tags?post=13362"}],"curies":[{"name":"wp","href":"https:\/\/api.w.org\/{rel}","templated":true}]}}