{"id":13343,"date":"2020-10-14T12:05:28","date_gmt":"2020-10-14T15:05:28","guid":{"rendered":"https:\/\/sjcbancarios.com.br\/site\/?p=13343"},"modified":"2020-10-14T15:18:55","modified_gmt":"2020-10-14T18:18:55","slug":"ministro-preve-privatizacao-dos-correios-para-2021","status":"publish","type":"post","link":"https:\/\/sjcbancarios.com.br\/site\/noticias\/ministro-preve-privatizacao-dos-correios-para-2021\/","title":{"rendered":"Ministro prev\u00ea privatiza\u00e7\u00e3o dos Correios para 2021"},"content":{"rendered":"<p>O ministro das Comunica\u00e7\u00f5es, F\u00e1bio Faria, entregou o projeto de privatiza\u00e7\u00e3o dos Correios para an\u00e1lise da Secretaria de Assuntos Jur\u00eddicos (SAJ) da Presid\u00eancia da Rep\u00fablica.<\/p>\n<p>Ele esteve no Pal\u00e1cio do Planalto nesta quarta-feira (14\/10) e apresentou o texto ao ministro da Secretaria Geral, Jorge Oliveira, respons\u00e1vel pela SAJ.<\/p>\n<p>O texto ser\u00e1 analisado pela Subchefia para Assuntos Jur\u00eddicos e pela Casa Civil. Depois segue para discuss\u00e3o e vota\u00e7\u00e3o no Congresso Nacional.<\/p>\n<p>\u201cO que cabia \u00e0 parte do Minist\u00e9rio das Comunica\u00e7\u00f5es foi feito, esse projeto que vai dar condi\u00e7\u00f5es de entrar no processo de privatiza\u00e7\u00f5es para o ano de 2021\u2033, disse o ministro ap\u00f3s deixar a reuni\u00e3o.<\/p>\n<p>\u201cConsequentemente, a consultoria [contratada pelo BNDES] vai ficar pronta em 120 dias. Ent\u00e3o, estamos falando para o projeto chegar no ano que vem e, at\u00e9 o fim de 2021, estar pronto para votar e os Correios preparados para o processo de privatiza\u00e7\u00e3o\u201d, completou.<\/p>\n<p>O projeto de lei permite que os servi\u00e7os prestados no \u00e2mbito do Sistema Nacional de Servi\u00e7os Postais sejam explorados em regime privado.<\/p>\n<p>Fonte: Metropoles \/ Contec<\/p>\n","protected":false},"excerpt":{"rendered":"<p class=\"excerpt\">O ministro das Comunica\u00e7\u00f5es, F\u00e1bio Faria, entregou o projeto de privatiza\u00e7\u00e3o dos Correios para an\u00e1lise da Secretaria de Assuntos Jur\u00eddicos (SAJ) da Presid\u00eancia da Rep\u00fablica. Ele esteve no Pal\u00e1cio do Planalto nesta quarta-feira (14\/10) e apresentou o texto ao ministro da Secretaria Geral, Jorge Oliveira, respons\u00e1vel pela SAJ. O texto ser\u00e1 analisado pela Subchefia para [&hellip;]<\/p>\n","protected":false},"author":2,"featured_media":13344,"comment_status":"closed","ping_status":"closed","sticky":false,"template":"","format":"standard","meta":{"_et_pb_use_builder":"","_et_pb_old_content":"","_et_gb_content_width":"","footnotes":""},"categories":[13],"tags":[],"class_list":["post-13343","post","type-post","status-publish","format-standard","has-post-thumbnail","hentry","category-noticias"],"_links":{"self":[{"href":"https:\/\/sjcbancarios.com.br\/site\/wp-json\/wp\/v2\/posts\/13343","targetHints":{"allow":["GET"]}}],"collection":[{"href":"https:\/\/sjcbancarios.com.br\/site\/wp-json\/wp\/v2\/posts"}],"about":[{"href":"https:\/\/sjcbancarios.com.br\/site\/wp-json\/wp\/v2\/types\/post"}],"author":[{"embeddable":true,"href":"https:\/\/sjcbancarios.com.br\/site\/wp-json\/wp\/v2\/users\/2"}],"replies":[{"embeddable":true,"href":"https:\/\/sjcbancarios.com.br\/site\/wp-json\/wp\/v2\/comments?post=13343"}],"version-history":[{"count":0,"href":"https:\/\/sjcbancarios.com.br\/site\/wp-json\/wp\/v2\/posts\/13343\/revisions"}],"wp:featuredmedia":[{"embeddable":true,"href":"https:\/\/sjcbancarios.com.br\/site\/wp-json\/wp\/v2\/media\/13344"}],"wp:attachment":[{"href":"https:\/\/sjcbancarios.com.br\/site\/wp-json\/wp\/v2\/media?parent=13343"}],"wp:term":[{"taxonomy":"category","embeddable":true,"href":"https:\/\/sjcbancarios.com.br\/site\/wp-json\/wp\/v2\/categories?post=13343"},{"taxonomy":"post_tag","embeddable":true,"href":"https:\/\/sjcbancarios.com.br\/site\/wp-json\/wp\/v2\/tags?post=13343"}],"curies":[{"name":"wp","href":"https:\/\/api.w.org\/{rel}","templated":true}]}}