{"id":13339,"date":"2020-10-14T12:08:30","date_gmt":"2020-10-14T15:08:30","guid":{"rendered":"https:\/\/sjcbancarios.com.br\/site\/?p=13339"},"modified":"2020-10-16T09:32:23","modified_gmt":"2020-10-16T12:32:23","slug":"mesmo-com-lucros-bilionarios-itau-bradesco-e-santander-demitem-em-plena-pandemia","status":"publish","type":"post","link":"https:\/\/sjcbancarios.com.br\/site\/noticias\/mesmo-com-lucros-bilionarios-itau-bradesco-e-santander-demitem-em-plena-pandemia\/","title":{"rendered":"Mesmo com lucros bilion\u00e1rios, Ita\u00fa, Bradesco e Santander demitem em plena pandemia"},"content":{"rendered":"<p><strong>Mesmo com lucro m\u00e9dio semestral superior a R$ 5 bilh\u00f5es, mais de 1.400 funcion\u00e1rios j\u00e1 foram desligados das institui\u00e7\u00f5es nos \u00faltimos dois meses<\/strong><\/p>\n<p>Em um movimento que inclui at\u00e9 mesmo o fechamento de 40 ag\u00eancias, o Santander j\u00e1 demitiu pelo menos 1.040 funcion\u00e1rios<br \/>\nLogo nos primeiros dias de mar\u00e7o, a preocupa\u00e7\u00e3o tomou conta de Ramon Peres, presidente do Sindicato dos Banc\u00e1rios de BH e Regi\u00e3o. O motivo era o aumento de casos da Covid-19 e a j\u00e1 esperada crise econ\u00f4mica que afetaria o Brasil. Por isso, antecipando os problemas, lideran\u00e7as sindicais como Ramon buscaram estabelecer um acordo com as institui\u00e7\u00f5es financeiras para garantir a perman\u00eancia dos empregos e a seguran\u00e7a dos trabalhadores durante a pandemia. \u201cDesde o in\u00edcio, os sindicatos, as federa\u00e7\u00f5es e a Confedera\u00e7\u00e3o correram para conversar com os bancos com o objetivo de salvaguardar a vidas dos banc\u00e1rios e de seus familiares. Desde o primeiro momento, pedimos para que as institui\u00e7\u00f5es garantissem que n\u00e3o demitiriam durante a pandemia. Esse per\u00edodo \u00e9 muito complicado na hist\u00f3ria da humanidade, e entendemos que n\u00e3o poder\u00edamos colocar o trabalho das pessoas em xeque no momento em que elas mais precisam do emprego\u201d, conta Peres.<\/p>\n<p>O compromisso, firmado entre as entidades e os principais bancos, foi estabelecido sob o discurso de responsabilidade social das institui\u00e7\u00f5es. No entanto, na pr\u00e1tica, o acordo n\u00e3o est\u00e1 sendo respeitado. O grande problema \u00e9 que, nos \u00faltimos dois meses, ao menos 1.400 empregados banc\u00e1rios j\u00e1 foram desligados de suas fun\u00e7\u00f5es em todo o pa\u00eds. Apenas no Santander, por exemplo, foram 1.040 demiss\u00f5es desde o m\u00eas de agosto, em um movimento que inclui at\u00e9 mesmo o fechamento de 40 ag\u00eancias. A empresa n\u00e3o justifica os motivos para os desligamentos e exclui qualquer possibilidade de negocia\u00e7\u00e3o ou revers\u00e3o da decis\u00e3o. \u201cN\u00f3s somos veementemente contra as demiss\u00f5es. O Santander quebrou o compromisso de forma unilateral e come\u00e7ou a demitir pessoas sem argumentos. Queremos que eles cumpram com a sua palavra e n\u00e3o demitam as pessoas. N\u00f3s n\u00e3o sa\u00edmos da pandemia, os n\u00fameros mostram isso. S\u00e3o mais de 146 mil mortes [pela Covid-19] no Brasil. N\u00f3s estamos em plena pandemia ainda\u201d, argumenta Peres.<\/p>\n<p>No entanto, a onda de demiss\u00f5es, assim como a quebra no compromisso firmado no in\u00edcio de mar\u00e7o, n\u00e3o se limita ao Santander. No m\u00eas de setembro, o Ita\u00fa Unibanco tamb\u00e9m iniciou uma s\u00e9rie de desligamentos em seu quadro de funcion\u00e1rios. Ao todo, segundo dados citados por Ramon Peres, foram mais 300 empregados demitidos. Aos sindicatos, o banco alega que as demiss\u00f5es aconteceram apenas na \u00e1rea de ve\u00edculos da empresa. Entretanto, Ramon afirma que os desligamentos tamb\u00e9m atingem funcion\u00e1rios de ag\u00eancias. \u201cEles dizem que s\u00e3o demiss\u00f5es pontuais, mas vemos o contr\u00e1rio. Eles est\u00e3o demitindo pessoas que t\u00eam performance de vendas, que cumprem as suas metas. O que n\u00f3s vemos \u00e9 uma diminui\u00e7\u00e3o nos postos de trabalho. E o banco Ita\u00fa, fazendo essas demiss\u00f5es, j\u00e1 anunciou o fechamento de sete ag\u00eancias em Minas Gerais. \u00c9 uma reestrutura\u00e7\u00e3o nos postos de trabalho devido \u00e0 pandemia.\u201d<\/p>\n<p>As recentes demiss\u00f5es feitas pelos dois bancos geraram uma onda de movimentos e manifesta\u00e7\u00f5es pela internet. Com hashtags como #itaunaodemita, #Itaunaodemitameuspais, #SantanderPareAsDemiss\u00f5es, funcion\u00e1rios, ex-funcion\u00e1rios das institui\u00e7\u00f5es, sindicatos e at\u00e9 clientes dos bancos cobram responsabilidade social das empresas. Nas publica\u00e7\u00f5es, os participantes do movimento alegam que a postura das companhias vai contra as propagandas feitas ao p\u00fablico, em que os bancos ressaltam sua responsabilidade frente \u00e0 pandemia. \u201cA gente v\u00ea com muita estranheza esse posicionamento dos bancos. Em mar\u00e7o, os sindicatos e a Febraban fizeram v\u00e1rias discuss\u00f5es para que houvesse avan\u00e7os na prote\u00e7\u00e3o dos banc\u00e1rios e no atendimento \u00e0 popula\u00e7\u00e3o. Havia um compromisso de manter esses empregos. Por isso, entendemos que durante todo o estado de calamidade p\u00fablica, esse compromisso tem que ser garantido e os banc\u00e1rios n\u00e3o podem ser demitidos\u201d, diz Jeferson Rubens Boava, presidente da Federa\u00e7\u00e3o dos Empregados em Estabelecimentos Banc\u00e1rios dos Estados de S\u00e3o Paulo e Mato Grosso do Sul (FEEB-SP\/MS).<\/p>\n<p>Nesse mesmo sentido, outro banco que iniciou uma sequ\u00eancia de demiss\u00f5es nesta semana foi o Bradesco. Segundo o sindicato dos banc\u00e1rios de BH e regi\u00e3o, a empresa enviou um comunicado, intitulado \u201cConcess\u00e3o de Benef\u00edcio Adicional no Desligamento\u201d, informando que os trabalhadores demitidos durante o per\u00edodo de 21 de setembro a 30 de novembro, sem justa causa, ter\u00e3o os planos de sa\u00fade e odontol\u00f3gico mantidos por seis meses a mais do previsto pela Conven\u00e7\u00e3o Coletiva de Trabalho (CCT) da categoria. Ao todo, os sindicatos estimam que pelo menos 70 funcion\u00e1rios j\u00e1 tenham sido demitidos.<\/p>\n<p>Jeferson Boava defende que n\u00e3o h\u00e1 justificativas para os cortes, j\u00e1 que as tr\u00eas empresas registraram lucros bilion\u00e1rios durante os primeiros seis meses deste ano. \u201cCom a pandemia, todo setor encontrou dificuldades. S\u00f3 que os bancos n\u00e3o querem enfrentar dificuldades. Eles querem manter o n\u00edvel de lucro deles com corte de funcion\u00e1rios, com aumento de tarifas, encontrando um jeito de se reposicionar no mercado, mantendo, assim, o lucro deles\u201d, afirma. Segundo levantamento da Economatica, empresa de informa\u00e7\u00f5es financeiras, Bradesco, Ita\u00fa e Santander registraram, respectivamente, lucro de R$ 6,85 bilh\u00f5es, R$ 6,74 bilh\u00f5es e R$ 5,8 bilh\u00f5es no primeiro semestre de 2020, sendo o Bradesco considerado a empresa latina que mais lucrou no per\u00edodo.<\/p>\n<p><strong>Transforma\u00e7\u00e3o digital<\/strong><br \/>\nSem grandes justificativas, os motivos para os desligamentos se tornaram uma grande inc\u00f3gnita para os agora ex-funcion\u00e1rios e para as lideran\u00e7as sindicais. No entendimento de Peres, o movimento \u00e9 impulsionado pela transforma\u00e7\u00e3o digital nos bancos, embora considere que o objetivo central das demiss\u00f5es \u00e9 a redu\u00e7\u00e3o de custos. No geral, Peres entende que a mudan\u00e7a prejudicar\u00e1 os clientes e impactar\u00e1 negativamente na rotina dos funcion\u00e1rios. \u201cA tecnologia nunca vai substituir o atendimento humanizado, a qualidade do atendimento humanizado \u00e9 muito superior ao ser atendido por um rob\u00f4. O problema \u00e9 que os bancos consideram que, quando est\u00e3o passando por alguma dificuldade, quem tem que pagar a conta \u00e9 o trabalhador. Investir em tecnologia \u00e9 uma tentativa de diminuir os gastos com folha de pagamento. Hoje, uma abertura de conta feita de forma digital \u00e9 seis vezes mais barata do que se feita de forma f\u00edsica, por exemplo. Ent\u00e3o, eles investem em tecnologia com a inten\u00e7\u00e3o de diminuir os custos e elevar o grau de efici\u00eancia.\u201d<\/p>\n<p><img loading=\"lazy\" decoding=\"async\" class=\"alignnone wp-image-13340 size-full\" src=\"https:\/\/sjcbancarios.com.br\/site\/wp-content\/uploads\/2020\/10\/JovenPan.jpg\" alt=\"\" width=\"940\" height=\"788\" srcset=\"https:\/\/sjcbancarios.com.br\/site\/wp-content\/uploads\/2020\/10\/JovenPan.jpg 940w, https:\/\/sjcbancarios.com.br\/site\/wp-content\/uploads\/2020\/10\/JovenPan-358x300.jpg 358w, https:\/\/sjcbancarios.com.br\/site\/wp-content\/uploads\/2020\/10\/JovenPan-768x644.jpg 768w, https:\/\/sjcbancarios.com.br\/site\/wp-content\/uploads\/2020\/10\/JovenPan-24x20.jpg 24w, https:\/\/sjcbancarios.com.br\/site\/wp-content\/uploads\/2020\/10\/JovenPan-36x30.jpg 36w, https:\/\/sjcbancarios.com.br\/site\/wp-content\/uploads\/2020\/10\/JovenPan-48x40.jpg 48w\" sizes=\"(max-width: 940px) 100vw, 940px\" \/><br \/>\nJeferson Boava, presidente da FEEB-SP\/MS, tamb\u00e9m v\u00ea a postura dos bancos como uma manobra para reduzir custos. Ele pondera que, al\u00e9m de prejudicar os clientes e trabalhadores, a diminui\u00e7\u00e3o no quadro de funcion\u00e1rios tamb\u00e9m pode impulsionar a forma\u00e7\u00e3o de aglomera\u00e7\u00f5es nas ag\u00eancias. \u201cEles v\u00e3o fechar ag\u00eancias e ent\u00e3o a popula\u00e7\u00e3o mais humilde, que \u00e9 a que mais precisa e tem mais dificuldade com tecnologia, vai ser atendida como? Isso vai intensificar filas. Nesse per\u00edodo de pandemia, considero que fechar ag\u00eancias \u00e9 um erro, porque vai provocar aglomera\u00e7\u00f5es. O banco \u00e9 uma concess\u00e3o p\u00fablica, ent\u00e3o eles t\u00eam essa responsabilidade social de estar atendendo toda a popula\u00e7\u00e3o.\u201d<\/p>\n<p>Em pronunciamento enviado \u00e0 Jovem Pan, a Federa\u00e7\u00e3o Brasileira de Bancos (Febraban) afirmou n\u00e3o ser poss\u00edvel dizer, at\u00e9 o momento, \u201cque haja rela\u00e7\u00e3o direta entre o processo de transforma\u00e7\u00e3o digital dos bancos e a redu\u00e7\u00e3o do n\u00famero de pessoas que atuam no setor\u201d. Segundo eles, \u201cavan\u00e7o dos servi\u00e7os digitais tem levado os bancos a contratarem um grande volume de profissionais\u201d, especialmente em \u00e1reas relacionadas com tecnologia e seguran\u00e7a contra fraudes digitais, cita a nota. \u201cCada institui\u00e7\u00e3o financeira tem sua pr\u00f3pria pol\u00edtica para contrata\u00e7\u00e3o de pessoas com base em sua vis\u00e3o de mercado e estrat\u00e9gia de neg\u00f3cio\u201d, finaliza o comunicado.<\/p>\n<p>Tamb\u00e9m em nota enviada \u00e0 reportagem da Jovem Pan, o Ita\u00fa Unibanco informou que retomou em setembro \u201calguns processos internos que estavam suspensos na \u00e1rea de pessoas desde mar\u00e7o, em raz\u00e3o da pandemia da Covid-19\u201d. De acordo com eles, os processos incluem demiss\u00f5es e contrata\u00e7\u00f5es de pessoas, o que representam movimenta\u00e7\u00f5es \u201cque fazem parte da retomada da rotina normal do banco\u201d. A empresa n\u00e3o confirmou o n\u00famero total de demiss\u00f5es e disse que n\u00e3o divulgaria a informa\u00e7\u00e3o. Ao ser questionado sobre os desligamentos recentes, o Bradesco afirmou que n\u00e3o vai comentar o assunto. O Santander n\u00e3o respondeu aos questionamentos da reportagem.<\/p>\n<p>Fonte: Jovem Pan \/ Feeb SP\/ MS<\/p>\n","protected":false},"excerpt":{"rendered":"<p class=\"excerpt\">Mesmo com lucro m\u00e9dio semestral superior a R$ 5 bilh\u00f5es, mais de 1.400 funcion\u00e1rios j\u00e1 foram desligados das institui\u00e7\u00f5es nos \u00faltimos dois meses Em um movimento que inclui at\u00e9 mesmo o fechamento de 40 ag\u00eancias, o Santander j\u00e1 demitiu pelo menos 1.040 funcion\u00e1rios Logo nos primeiros dias de mar\u00e7o, a preocupa\u00e7\u00e3o tomou conta de Ramon [&hellip;]<\/p>\n","protected":false},"author":2,"featured_media":13341,"comment_status":"closed","ping_status":"closed","sticky":false,"template":"","format":"standard","meta":{"_et_pb_use_builder":"","_et_pb_old_content":"","_et_gb_content_width":"","footnotes":""},"categories":[13],"tags":[],"class_list":["post-13339","post","type-post","status-publish","format-standard","has-post-thumbnail","hentry","category-noticias"],"_links":{"self":[{"href":"https:\/\/sjcbancarios.com.br\/site\/wp-json\/wp\/v2\/posts\/13339","targetHints":{"allow":["GET"]}}],"collection":[{"href":"https:\/\/sjcbancarios.com.br\/site\/wp-json\/wp\/v2\/posts"}],"about":[{"href":"https:\/\/sjcbancarios.com.br\/site\/wp-json\/wp\/v2\/types\/post"}],"author":[{"embeddable":true,"href":"https:\/\/sjcbancarios.com.br\/site\/wp-json\/wp\/v2\/users\/2"}],"replies":[{"embeddable":true,"href":"https:\/\/sjcbancarios.com.br\/site\/wp-json\/wp\/v2\/comments?post=13339"}],"version-history":[{"count":0,"href":"https:\/\/sjcbancarios.com.br\/site\/wp-json\/wp\/v2\/posts\/13339\/revisions"}],"wp:featuredmedia":[{"embeddable":true,"href":"https:\/\/sjcbancarios.com.br\/site\/wp-json\/wp\/v2\/media\/13341"}],"wp:attachment":[{"href":"https:\/\/sjcbancarios.com.br\/site\/wp-json\/wp\/v2\/media?parent=13339"}],"wp:term":[{"taxonomy":"category","embeddable":true,"href":"https:\/\/sjcbancarios.com.br\/site\/wp-json\/wp\/v2\/categories?post=13339"},{"taxonomy":"post_tag","embeddable":true,"href":"https:\/\/sjcbancarios.com.br\/site\/wp-json\/wp\/v2\/tags?post=13339"}],"curies":[{"name":"wp","href":"https:\/\/api.w.org\/{rel}","templated":true}]}}