{"id":13335,"date":"2020-10-13T11:50:31","date_gmt":"2020-10-13T14:50:31","guid":{"rendered":"https:\/\/sjcbancarios.com.br\/site\/?p=13335"},"modified":"2020-10-13T15:27:03","modified_gmt":"2020-10-13T18:27:03","slug":"pesquisa-mostra-que-trabalho-informal-eleva-contagio-e-morte-por-covid-19","status":"publish","type":"post","link":"https:\/\/sjcbancarios.com.br\/site\/noticias\/pesquisa-mostra-que-trabalho-informal-eleva-contagio-e-morte-por-covid-19\/","title":{"rendered":"Pesquisa mostra que trabalho informal eleva cont\u00e1gio e morte por Covid-19"},"content":{"rendered":"<p>Os pesquisadores observaram que, para cada 10 pontos percentuais de informais a mais na popula\u00e7\u00e3o, a taxa de cont\u00e1gio aumenta em 29% e a taxa de mortalidade pela doen\u00e7a cresce, em m\u00e9dia, 38%<\/p>\n<p>Uma pesquisa realizada na Universidade Federal do Rio de Janeiro (UFRJ) indicou que cidades com maior quantidade de trabalhadores informais foram as mais afetadas pela pandemia de Covid-19 no Brasil.<\/p>\n<p>Segundo reportagem publicada no jornal Folha de S.Paulo, os pesquisadores observaram que, para cada 10 pontos percentuais de informais a mais na popula\u00e7\u00e3o, a taxa de cont\u00e1gio aumenta em 29% e a taxa de mortalidade pela doen\u00e7a cresce, em m\u00e9dia, 38%. Isso significa que para cada 1 milh\u00e3o de habitantes s\u00e3o registrados, em m\u00e9dia, um adicional de 3.130 infectados e 88 mortes.<\/p>\n<p>A reportagem indicou tamb\u00e9m que o levantamento analisou dados socioecon\u00f4micos de todos os 5.570 munic\u00edpios brasileiros e isolou diferentes indicadores, como pobreza, cor da pele, votos no primeiro turno da elei\u00e7\u00e3o presidencial e tamb\u00e9m o efeito da informalidade no trabalho.<\/p>\n<p><img loading=\"lazy\" decoding=\"async\" class=\"alignnone wp-image-13336 size-full\" src=\"https:\/\/sjcbancarios.com.br\/site\/wp-content\/uploads\/2020\/10\/trabalho.jpg\" alt=\"\" width=\"274\" height=\"184\" srcset=\"https:\/\/sjcbancarios.com.br\/site\/wp-content\/uploads\/2020\/10\/trabalho.jpg 274w, https:\/\/sjcbancarios.com.br\/site\/wp-content\/uploads\/2020\/10\/trabalho-24x16.jpg 24w, https:\/\/sjcbancarios.com.br\/site\/wp-content\/uploads\/2020\/10\/trabalho-36x24.jpg 36w, https:\/\/sjcbancarios.com.br\/site\/wp-content\/uploads\/2020\/10\/trabalho-48x32.jpg 48w, https:\/\/sjcbancarios.com.br\/site\/wp-content\/uploads\/2020\/10\/trabalho-272x182.jpg 272w\" sizes=\"(max-width: 274px) 100vw, 274px\" \/><\/p>\n<p>Fonte: Brasil 247 \/ Contec<\/p>\n<p>&nbsp;<\/p>\n","protected":false},"excerpt":{"rendered":"<p class=\"excerpt\">Os pesquisadores observaram que, para cada 10 pontos percentuais de informais a mais na popula\u00e7\u00e3o, a taxa de cont\u00e1gio aumenta em 29% e a taxa de mortalidade pela doen\u00e7a cresce, em m\u00e9dia, 38% Uma pesquisa realizada na Universidade Federal do Rio de Janeiro (UFRJ) indicou que cidades com maior quantidade de trabalhadores informais foram as [&hellip;]<\/p>\n","protected":false},"author":2,"featured_media":13337,"comment_status":"closed","ping_status":"closed","sticky":false,"template":"","format":"standard","meta":{"_et_pb_use_builder":"","_et_pb_old_content":"","_et_gb_content_width":"","footnotes":""},"categories":[13],"tags":[],"class_list":["post-13335","post","type-post","status-publish","format-standard","has-post-thumbnail","hentry","category-noticias"],"_links":{"self":[{"href":"https:\/\/sjcbancarios.com.br\/site\/wp-json\/wp\/v2\/posts\/13335","targetHints":{"allow":["GET"]}}],"collection":[{"href":"https:\/\/sjcbancarios.com.br\/site\/wp-json\/wp\/v2\/posts"}],"about":[{"href":"https:\/\/sjcbancarios.com.br\/site\/wp-json\/wp\/v2\/types\/post"}],"author":[{"embeddable":true,"href":"https:\/\/sjcbancarios.com.br\/site\/wp-json\/wp\/v2\/users\/2"}],"replies":[{"embeddable":true,"href":"https:\/\/sjcbancarios.com.br\/site\/wp-json\/wp\/v2\/comments?post=13335"}],"version-history":[{"count":0,"href":"https:\/\/sjcbancarios.com.br\/site\/wp-json\/wp\/v2\/posts\/13335\/revisions"}],"wp:featuredmedia":[{"embeddable":true,"href":"https:\/\/sjcbancarios.com.br\/site\/wp-json\/wp\/v2\/media\/13337"}],"wp:attachment":[{"href":"https:\/\/sjcbancarios.com.br\/site\/wp-json\/wp\/v2\/media?parent=13335"}],"wp:term":[{"taxonomy":"category","embeddable":true,"href":"https:\/\/sjcbancarios.com.br\/site\/wp-json\/wp\/v2\/categories?post=13335"},{"taxonomy":"post_tag","embeddable":true,"href":"https:\/\/sjcbancarios.com.br\/site\/wp-json\/wp\/v2\/tags?post=13335"}],"curies":[{"name":"wp","href":"https:\/\/api.w.org\/{rel}","templated":true}]}}