{"id":13314,"date":"2020-10-19T09:40:53","date_gmt":"2020-10-19T12:40:53","guid":{"rendered":"https:\/\/sjcbancarios.com.br\/site\/?p=13314"},"modified":"2020-10-20T15:02:27","modified_gmt":"2020-10-20T18:02:27","slug":"bradesco-nega-pedido-de-suspensao-de-demissoes","status":"publish","type":"post","link":"https:\/\/sjcbancarios.com.br\/site\/noticias-em-destaque\/bradesco-nega-pedido-de-suspensao-de-demissoes\/","title":{"rendered":"Bradesco nega pedido de suspens\u00e3o de demiss\u00f5es"},"content":{"rendered":"<p><strong>Comiss\u00e3o de organiza\u00e7\u00e3o dos empregados teve todos pedidos negados pelo Banco<\/strong><\/p>\n<p>Nesta quinta-feira, 8, a Comiss\u00e3o de Organiza\u00e7\u00e3o de Empregados (COE) Bradesco se reuniu com o Banco por meio de v\u00eddeo confer\u00eancia para apresentar reivindica\u00e7\u00f5es em defesa dos banc\u00e1rios. Entre os pedidos est\u00e3o a suspens\u00e3o das demiss\u00f5es, a melhoria da indeniza\u00e7\u00e3o dos funcion\u00e1rios demitidos e o cumprimento do acordo de n\u00e3o demitir durante a pandemia. De acordo com o representante da Federa\u00e7\u00e3o dos Empregados em Estabelecimentos Banc\u00e1rios dos Estados de S\u00e3o Paulo e Mato Grosso do Sul, Lourival Rodrigues, todos os pedidos apresentados foram negados. \u201cA justificativa foi de que a pandemia antecipou o processo e as demiss\u00f5es chamadas de ajuste no quadro de funcion\u00e1rios foram necess\u00e1rias, raz\u00f5es que consideramos injustific\u00e1vel, tendo em vista o lucro obtido pelo banco, acompanhado dos excelentes resultados do per\u00edodo\u201d, destaca.<\/p>\n<p><img loading=\"lazy\" decoding=\"async\" class=\"alignnone wp-image-13315 size-full\" src=\"https:\/\/sjcbancarios.com.br\/site\/wp-content\/uploads\/2020\/10\/FeebSPMSI04.jpg\" alt=\"\" width=\"940\" height=\"788\" srcset=\"https:\/\/sjcbancarios.com.br\/site\/wp-content\/uploads\/2020\/10\/FeebSPMSI04.jpg 940w, https:\/\/sjcbancarios.com.br\/site\/wp-content\/uploads\/2020\/10\/FeebSPMSI04-358x300.jpg 358w, https:\/\/sjcbancarios.com.br\/site\/wp-content\/uploads\/2020\/10\/FeebSPMSI04-768x644.jpg 768w, https:\/\/sjcbancarios.com.br\/site\/wp-content\/uploads\/2020\/10\/FeebSPMSI04-24x20.jpg 24w, https:\/\/sjcbancarios.com.br\/site\/wp-content\/uploads\/2020\/10\/FeebSPMSI04-36x30.jpg 36w, https:\/\/sjcbancarios.com.br\/site\/wp-content\/uploads\/2020\/10\/FeebSPMSI04-48x40.jpg 48w\" sizes=\"(max-width: 940px) 100vw, 940px\" \/><\/p>\n<p>A previs\u00e3o \u00e9 a de que as demiss\u00f5es continuem at\u00e9 o dia 30 de novembro. At\u00e9 o momento j\u00e1 foram mais de 500 demiss\u00f5es. \u201cN\u00e3o podemos ficar de bra\u00e7os cruzados diante deste cen\u00e1rio. Vamos juntos mais uma vez na luta pela defesa e direitos do banc\u00e1rio da banc\u00e1ria\u201d, enfatiza Lourival.<\/p>\n<p>Fonte: Feeb SP\/MS<\/p>\n","protected":false},"excerpt":{"rendered":"<p class=\"excerpt\">Comiss\u00e3o de organiza\u00e7\u00e3o dos empregados teve todos pedidos negados pelo Banco Nesta quinta-feira, 8, a Comiss\u00e3o de Organiza\u00e7\u00e3o de Empregados (COE) Bradesco se reuniu com o Banco por meio de v\u00eddeo confer\u00eancia para apresentar reivindica\u00e7\u00f5es em defesa dos banc\u00e1rios. Entre os pedidos est\u00e3o a suspens\u00e3o das demiss\u00f5es, a melhoria da indeniza\u00e7\u00e3o dos funcion\u00e1rios demitidos e [&hellip;]<\/p>\n","protected":false},"author":2,"featured_media":13316,"comment_status":"closed","ping_status":"closed","sticky":false,"template":"","format":"standard","meta":{"_et_pb_use_builder":"","_et_pb_old_content":"","_et_gb_content_width":"","footnotes":""},"categories":[155],"tags":[],"class_list":["post-13314","post","type-post","status-publish","format-standard","has-post-thumbnail","hentry","category-noticias-em-destaque"],"_links":{"self":[{"href":"https:\/\/sjcbancarios.com.br\/site\/wp-json\/wp\/v2\/posts\/13314","targetHints":{"allow":["GET"]}}],"collection":[{"href":"https:\/\/sjcbancarios.com.br\/site\/wp-json\/wp\/v2\/posts"}],"about":[{"href":"https:\/\/sjcbancarios.com.br\/site\/wp-json\/wp\/v2\/types\/post"}],"author":[{"embeddable":true,"href":"https:\/\/sjcbancarios.com.br\/site\/wp-json\/wp\/v2\/users\/2"}],"replies":[{"embeddable":true,"href":"https:\/\/sjcbancarios.com.br\/site\/wp-json\/wp\/v2\/comments?post=13314"}],"version-history":[{"count":0,"href":"https:\/\/sjcbancarios.com.br\/site\/wp-json\/wp\/v2\/posts\/13314\/revisions"}],"wp:featuredmedia":[{"embeddable":true,"href":"https:\/\/sjcbancarios.com.br\/site\/wp-json\/wp\/v2\/media\/13316"}],"wp:attachment":[{"href":"https:\/\/sjcbancarios.com.br\/site\/wp-json\/wp\/v2\/media?parent=13314"}],"wp:term":[{"taxonomy":"category","embeddable":true,"href":"https:\/\/sjcbancarios.com.br\/site\/wp-json\/wp\/v2\/categories?post=13314"},{"taxonomy":"post_tag","embeddable":true,"href":"https:\/\/sjcbancarios.com.br\/site\/wp-json\/wp\/v2\/tags?post=13314"}],"curies":[{"name":"wp","href":"https:\/\/api.w.org\/{rel}","templated":true}]}}