{"id":13276,"date":"2020-09-29T12:15:35","date_gmt":"2020-09-29T15:15:35","guid":{"rendered":"https:\/\/sjcbancarios.com.br\/site\/?p=13276"},"modified":"2020-09-29T12:15:35","modified_gmt":"2020-09-29T15:15:35","slug":"impacto-da-pandemia-tira-ate-um-quarto-do-rendimento-dos-trabalhadores-no-pais","status":"publish","type":"post","link":"https:\/\/sjcbancarios.com.br\/site\/noticias\/impacto-da-pandemia-tira-ate-um-quarto-do-rendimento-dos-trabalhadores-no-pais\/","title":{"rendered":"Impacto da pandemia tira at\u00e9 um quarto do rendimento dos trabalhadores no Pa\u00eds"},"content":{"rendered":"<p>Dados do IBGE mostram que preju\u00edzo foi maior para os empregados que n\u00e3o chegaram a completar o ensino m\u00e9dio; na m\u00e9dia para todas as escolaridades, a perda de renda obtida pelo trabalho era de 17% at\u00e9 junho, antes da flexibiliza\u00e7\u00e3o da quarentena<\/p>\n<p>Mesmo os brasileiros que conseguiram manter seu trabalho durante a pandemia t\u00eam sentido no bolso o impacto causado pelo novo coronav\u00edrus na economia. E a queda no rendimento dos trabalhadores ocupados foi maior para aqueles que t\u00eam menor escolaridade, segundo dados da Pesquisa Nacional por Amostra de Domic\u00edlios (Pnad) Covid, do Instituto Brasileiro de Geografia e Estat\u00edstica (IBGE), organizados pela consultoria IDados.<\/p>\n<p>No primeiro semestre, os trabalhadores que n\u00e3o chegaram a completar o ensino m\u00e9dio tiveram quedas de at\u00e9 25% em rela\u00e7\u00e3o ao que costumavam ganhar no m\u00eas. Para calcular essa perda, o IBGE perguntou quanto o trabalhador recebia habitualmente naquele m\u00eas e quanto, de fato, entrou no seu bolso.<\/p>\n<p>Fonte: Estad\u00e3o \/ Contec<\/p>\n","protected":false},"excerpt":{"rendered":"<p class=\"excerpt\">Dados do IBGE mostram que preju\u00edzo foi maior para os empregados que n\u00e3o chegaram a completar o ensino m\u00e9dio; na m\u00e9dia para todas as escolaridades, a perda de renda obtida pelo trabalho era de 17% at\u00e9 junho, antes da flexibiliza\u00e7\u00e3o da quarentena Mesmo os brasileiros que conseguiram manter seu trabalho durante a pandemia t\u00eam sentido [&hellip;]<\/p>\n","protected":false},"author":2,"featured_media":13277,"comment_status":"closed","ping_status":"closed","sticky":false,"template":"","format":"standard","meta":{"_et_pb_use_builder":"","_et_pb_old_content":"","_et_gb_content_width":"","footnotes":""},"categories":[13],"tags":[],"class_list":["post-13276","post","type-post","status-publish","format-standard","has-post-thumbnail","hentry","category-noticias"],"_links":{"self":[{"href":"https:\/\/sjcbancarios.com.br\/site\/wp-json\/wp\/v2\/posts\/13276","targetHints":{"allow":["GET"]}}],"collection":[{"href":"https:\/\/sjcbancarios.com.br\/site\/wp-json\/wp\/v2\/posts"}],"about":[{"href":"https:\/\/sjcbancarios.com.br\/site\/wp-json\/wp\/v2\/types\/post"}],"author":[{"embeddable":true,"href":"https:\/\/sjcbancarios.com.br\/site\/wp-json\/wp\/v2\/users\/2"}],"replies":[{"embeddable":true,"href":"https:\/\/sjcbancarios.com.br\/site\/wp-json\/wp\/v2\/comments?post=13276"}],"version-history":[{"count":0,"href":"https:\/\/sjcbancarios.com.br\/site\/wp-json\/wp\/v2\/posts\/13276\/revisions"}],"wp:featuredmedia":[{"embeddable":true,"href":"https:\/\/sjcbancarios.com.br\/site\/wp-json\/wp\/v2\/media\/13277"}],"wp:attachment":[{"href":"https:\/\/sjcbancarios.com.br\/site\/wp-json\/wp\/v2\/media?parent=13276"}],"wp:term":[{"taxonomy":"category","embeddable":true,"href":"https:\/\/sjcbancarios.com.br\/site\/wp-json\/wp\/v2\/categories?post=13276"},{"taxonomy":"post_tag","embeddable":true,"href":"https:\/\/sjcbancarios.com.br\/site\/wp-json\/wp\/v2\/tags?post=13276"}],"curies":[{"name":"wp","href":"https:\/\/api.w.org\/{rel}","templated":true}]}}