{"id":13263,"date":"2020-09-25T09:54:13","date_gmt":"2020-09-25T12:54:13","guid":{"rendered":"https:\/\/sjcbancarios.com.br\/site\/?p=13263"},"modified":"2020-09-25T09:54:13","modified_gmt":"2020-09-25T12:54:13","slug":"governo-adia-decisao-sobre-criar-parcelas-extras-para-o-seguro-desemprego","status":"publish","type":"post","link":"https:\/\/sjcbancarios.com.br\/site\/noticias\/governo-adia-decisao-sobre-criar-parcelas-extras-para-o-seguro-desemprego\/","title":{"rendered":"Governo adia decis\u00e3o sobre criar parcelas extras para o seguro-desemprego"},"content":{"rendered":"<p><strong>Caso aprovada, medida pode aumentar para cinco a sete parcelas de seguro-desemprego (Ant\u00f4nio Tem\u00f3teo)<\/strong><\/p>\n<p><img loading=\"lazy\" decoding=\"async\" class=\"alignright wp-image-13264 size-medium\" src=\"https:\/\/sjcbancarios.com.br\/site\/wp-content\/uploads\/2020\/09\/ctps-1-368x300.jpg\" alt=\"\" width=\"368\" height=\"300\" srcset=\"https:\/\/sjcbancarios.com.br\/site\/wp-content\/uploads\/2020\/09\/ctps-1-368x300.jpg 368w, https:\/\/sjcbancarios.com.br\/site\/wp-content\/uploads\/2020\/09\/ctps-1-24x20.jpg 24w, https:\/\/sjcbancarios.com.br\/site\/wp-content\/uploads\/2020\/09\/ctps-1-36x29.jpg 36w, https:\/\/sjcbancarios.com.br\/site\/wp-content\/uploads\/2020\/09\/ctps-1-48x39.jpg 48w, https:\/\/sjcbancarios.com.br\/site\/wp-content\/uploads\/2020\/09\/ctps-1.jpg 700w\" sizes=\"(max-width: 368px) 100vw, 368px\" \/><\/p>\n<p>Ap\u00f3s acordo costurado pelos representantes do governo no Codefat (Conselho Deliberativo do Fundo de Amparo ao Trabalhador), a vota\u00e7\u00e3o para concess\u00e3o de duas parcelas extras de seguro-desemprego para quem for demitido sem justa causa foi adiada. Pelo acordo, o tema voltar\u00e1 a ser debatido pelo conselho em 15 dias.<\/p>\n<p>Atualmente, o trabalhador recebe entre tr\u00eas e cinco parcelas do seguro-desemprego, dependendo do tempo trabalhado e de quantas vezes j\u00e1 fez o pedido.<\/p>\n<p>Se a medida for aprovada pelo Codefat, quem for demitido sem justa causa ter\u00e1 de cinco a sete parcelas do benef\u00edcio. Neste caso, a medida atender\u00e1 6 milh\u00f5es de pessoas e ter\u00e1 um impacto de R$ 16,1 bilh\u00f5es nas contas p\u00fablicas.<\/p>\n<p>A proposta foi apresentada por meio dos conselheiros que representam os trabalhadores no Codefat.<\/p>\n<p>Para ser aprovada, a proposta precisa de pelo menos 10 votos favor\u00e1veis. Os representantes dos trabalhadores t\u00eam seis votos no conselho, os representantes patronais outros seis e os conselheiros indicados pelo governo mais seis votos.<\/p>\n<p>Fonte: UOL \/ Contec<\/p>\n","protected":false},"excerpt":{"rendered":"<p class=\"excerpt\">Caso aprovada, medida pode aumentar para cinco a sete parcelas de seguro-desemprego (Ant\u00f4nio Tem\u00f3teo) Ap\u00f3s acordo costurado pelos representantes do governo no Codefat (Conselho Deliberativo do Fundo de Amparo ao Trabalhador), a vota\u00e7\u00e3o para concess\u00e3o de duas parcelas extras de seguro-desemprego para quem for demitido sem justa causa foi adiada. Pelo acordo, o tema voltar\u00e1 [&hellip;]<\/p>\n","protected":false},"author":2,"featured_media":13264,"comment_status":"closed","ping_status":"closed","sticky":false,"template":"","format":"standard","meta":{"_et_pb_use_builder":"","_et_pb_old_content":"","_et_gb_content_width":"","footnotes":""},"categories":[13],"tags":[],"class_list":["post-13263","post","type-post","status-publish","format-standard","has-post-thumbnail","hentry","category-noticias"],"_links":{"self":[{"href":"https:\/\/sjcbancarios.com.br\/site\/wp-json\/wp\/v2\/posts\/13263","targetHints":{"allow":["GET"]}}],"collection":[{"href":"https:\/\/sjcbancarios.com.br\/site\/wp-json\/wp\/v2\/posts"}],"about":[{"href":"https:\/\/sjcbancarios.com.br\/site\/wp-json\/wp\/v2\/types\/post"}],"author":[{"embeddable":true,"href":"https:\/\/sjcbancarios.com.br\/site\/wp-json\/wp\/v2\/users\/2"}],"replies":[{"embeddable":true,"href":"https:\/\/sjcbancarios.com.br\/site\/wp-json\/wp\/v2\/comments?post=13263"}],"version-history":[{"count":0,"href":"https:\/\/sjcbancarios.com.br\/site\/wp-json\/wp\/v2\/posts\/13263\/revisions"}],"wp:featuredmedia":[{"embeddable":true,"href":"https:\/\/sjcbancarios.com.br\/site\/wp-json\/wp\/v2\/media\/13264"}],"wp:attachment":[{"href":"https:\/\/sjcbancarios.com.br\/site\/wp-json\/wp\/v2\/media?parent=13263"}],"wp:term":[{"taxonomy":"category","embeddable":true,"href":"https:\/\/sjcbancarios.com.br\/site\/wp-json\/wp\/v2\/categories?post=13263"},{"taxonomy":"post_tag","embeddable":true,"href":"https:\/\/sjcbancarios.com.br\/site\/wp-json\/wp\/v2\/tags?post=13263"}],"curies":[{"name":"wp","href":"https:\/\/api.w.org\/{rel}","templated":true}]}}