{"id":13248,"date":"2020-09-23T15:19:05","date_gmt":"2020-09-23T18:19:05","guid":{"rendered":"https:\/\/sjcbancarios.com.br\/site\/?p=13248"},"modified":"2020-09-23T15:19:05","modified_gmt":"2020-09-23T18:19:05","slug":"bancarios-do-santander-se-manifestam-contra-demissoes","status":"publish","type":"post","link":"https:\/\/sjcbancarios.com.br\/site\/noticias-em-destaque\/bancarios-do-santander-se-manifestam-contra-demissoes\/","title":{"rendered":"Banc\u00e1rios do Santander se manifestam contra demiss\u00f5es"},"content":{"rendered":"<p><strong>Banco espanhol j\u00e1 demitiu mais de 1000 profissionais em todo o pa\u00eds<\/strong><\/p>\n<p>A Federa\u00e7\u00e3o dos Empregados em Estabelecimentos Banc\u00e1rios dos Estados de S\u00e3o Paulo e Mato Grosso do Sul mobiliza nesta semana, junto aos sindicatos filiados, a campanha contra as demiss\u00f5es em massa do banco espanhol. At\u00e9 o momento, o Santander j\u00e1 demitiu mais de mil funcion\u00e1rios em todo o pa\u00eds, em plena pandemia.<\/p>\n<p><img loading=\"lazy\" decoding=\"async\" class=\"alignnone wp-image-13249 size-full\" src=\"https:\/\/sjcbancarios.com.br\/site\/wp-content\/uploads\/2020\/09\/Feeb_23092020.png\" alt=\"\" width=\"940\" height=\"788\" srcset=\"https:\/\/sjcbancarios.com.br\/site\/wp-content\/uploads\/2020\/09\/Feeb_23092020.png 940w, https:\/\/sjcbancarios.com.br\/site\/wp-content\/uploads\/2020\/09\/Feeb_23092020-358x300.png 358w, https:\/\/sjcbancarios.com.br\/site\/wp-content\/uploads\/2020\/09\/Feeb_23092020-768x644.png 768w, https:\/\/sjcbancarios.com.br\/site\/wp-content\/uploads\/2020\/09\/Feeb_23092020-24x20.png 24w, https:\/\/sjcbancarios.com.br\/site\/wp-content\/uploads\/2020\/09\/Feeb_23092020-36x30.png 36w, https:\/\/sjcbancarios.com.br\/site\/wp-content\/uploads\/2020\/09\/Feeb_23092020-48x40.png 48w\" sizes=\"(max-width: 940px) 100vw, 940px\" \/><br \/>\nAs demiss\u00f5es tiveram in\u00edcio em junho e seguem at\u00e9 o momento atual. De acordo com a representante da Feeb, Patr\u00edcia Bassanin, o banco age em desconformidade com a \u00e9tica e o o compromisso com o trabalhador. \u201cO banco contraria ao demitir em plena pandemia, o compromisso assumido de n\u00e3o demitir neste per\u00edodo\u201d, destaca. Uma das justificativas dadas pelo banco foi a de que as demiss\u00f5es tem ocorrido devido \u00e0 redu\u00e7\u00e3o do n\u00famero das atividades dentro das ag\u00eancias.<\/p>\n<p><strong>Para esta quinta-feira, 24, os representantes da categoria banc\u00e1ria organizam \u201cO dia Nacional de Luta\u201d, e se mobilizar\u00e3o nas redes sociais em protesto \u00e0s demiss\u00f5es e em defesa do emprego. Um tuita\u00e7o deve ocorrer \u00e0s 12h com a<\/strong> <span style=\"color: #0000ff;\">#SantanderPareAsDemissoes.<\/span><br \/>\n\u201cAs demiss\u00f5es s\u00e3o injustas, tem ocorrido por telefone, sem nenhuma considera\u00e7\u00e3o e respeito com o trabalhador. Sem contar que o n\u00famero de metas continua sendo grande assim como as cobran\u00e7as excessivas, o que gera desconforto e diante do contexto, adoecimento f\u00edsico e emocional ao trabalhador\u201d, explica Bassanin.<\/p>\n<p>A categoria cobra transpar\u00eancia e informa\u00e7\u00f5es por parte do banco aos seus funcion\u00e1rios e entidades representativas. Durante o primeiro semestre de 2020, o Banco Santander lucrou no R$ 5,989 bilh\u00f5es, mesmo com a pandemia.<br \/>\n\u201c\u00c9 muito importante que cada base articule atividades dentro das possibilidades e com preserva\u00e7\u00e3o \u00e0s medidas de seguran\u00e7a e sa\u00fade do banc\u00e1rio e da banc\u00e1ria\u201d, refor\u00e7a o presidente da Feeb, Jeferson Boava.<\/p>\n<p>Fonte: Feeb SP\/MS<\/p>\n","protected":false},"excerpt":{"rendered":"<p class=\"excerpt\">Banco espanhol j\u00e1 demitiu mais de 1000 profissionais em todo o pa\u00eds A Federa\u00e7\u00e3o dos Empregados em Estabelecimentos Banc\u00e1rios dos Estados de S\u00e3o Paulo e Mato Grosso do Sul mobiliza nesta semana, junto aos sindicatos filiados, a campanha contra as demiss\u00f5es em massa do banco espanhol. At\u00e9 o momento, o Santander j\u00e1 demitiu mais de [&hellip;]<\/p>\n","protected":false},"author":2,"featured_media":13250,"comment_status":"closed","ping_status":"closed","sticky":false,"template":"","format":"standard","meta":{"_et_pb_use_builder":"","_et_pb_old_content":"","_et_gb_content_width":"","footnotes":""},"categories":[155],"tags":[],"class_list":["post-13248","post","type-post","status-publish","format-standard","has-post-thumbnail","hentry","category-noticias-em-destaque"],"_links":{"self":[{"href":"https:\/\/sjcbancarios.com.br\/site\/wp-json\/wp\/v2\/posts\/13248","targetHints":{"allow":["GET"]}}],"collection":[{"href":"https:\/\/sjcbancarios.com.br\/site\/wp-json\/wp\/v2\/posts"}],"about":[{"href":"https:\/\/sjcbancarios.com.br\/site\/wp-json\/wp\/v2\/types\/post"}],"author":[{"embeddable":true,"href":"https:\/\/sjcbancarios.com.br\/site\/wp-json\/wp\/v2\/users\/2"}],"replies":[{"embeddable":true,"href":"https:\/\/sjcbancarios.com.br\/site\/wp-json\/wp\/v2\/comments?post=13248"}],"version-history":[{"count":0,"href":"https:\/\/sjcbancarios.com.br\/site\/wp-json\/wp\/v2\/posts\/13248\/revisions"}],"wp:featuredmedia":[{"embeddable":true,"href":"https:\/\/sjcbancarios.com.br\/site\/wp-json\/wp\/v2\/media\/13250"}],"wp:attachment":[{"href":"https:\/\/sjcbancarios.com.br\/site\/wp-json\/wp\/v2\/media?parent=13248"}],"wp:term":[{"taxonomy":"category","embeddable":true,"href":"https:\/\/sjcbancarios.com.br\/site\/wp-json\/wp\/v2\/categories?post=13248"},{"taxonomy":"post_tag","embeddable":true,"href":"https:\/\/sjcbancarios.com.br\/site\/wp-json\/wp\/v2\/tags?post=13248"}],"curies":[{"name":"wp","href":"https:\/\/api.w.org\/{rel}","templated":true}]}}