{"id":13237,"date":"2020-09-21T15:25:36","date_gmt":"2020-09-21T18:25:36","guid":{"rendered":"https:\/\/sjcbancarios.com.br\/site\/?p=13237"},"modified":"2020-09-21T15:25:36","modified_gmt":"2020-09-21T18:25:36","slug":"mais-11-milhao-de-brasileiros-buscam-vagas-e-taxa-de-desemprego-bate-recorde","status":"publish","type":"post","link":"https:\/\/sjcbancarios.com.br\/site\/noticias\/mais-11-milhao-de-brasileiros-buscam-vagas-e-taxa-de-desemprego-bate-recorde\/","title":{"rendered":"Mais 1,1 milh\u00e3o de brasileiros buscam vagas, e taxa de desemprego bate recorde"},"content":{"rendered":"<p><img loading=\"lazy\" decoding=\"async\" class=\"alignright wp-image-13238 size-medium\" src=\"https:\/\/sjcbancarios.com.br\/site\/wp-content\/uploads\/2020\/09\/desemprego-450x278.jpg\" alt=\"\" width=\"450\" height=\"278\" srcset=\"https:\/\/sjcbancarios.com.br\/site\/wp-content\/uploads\/2020\/09\/desemprego-450x278.jpg 450w, https:\/\/sjcbancarios.com.br\/site\/wp-content\/uploads\/2020\/09\/desemprego-24x15.jpg 24w, https:\/\/sjcbancarios.com.br\/site\/wp-content\/uploads\/2020\/09\/desemprego-36x22.jpg 36w, https:\/\/sjcbancarios.com.br\/site\/wp-content\/uploads\/2020\/09\/desemprego-48x30.jpg 48w, https:\/\/sjcbancarios.com.br\/site\/wp-content\/uploads\/2020\/09\/desemprego.jpg 600w\" sizes=\"(max-width: 450px) 100vw, 450px\" \/>A taxa de desemprego no Brasil aumentou de 13,2% na terceira semana de agosto para 14,3% na quarta semana do m\u00eas, segundo os dados da Pesquisa Nacional por Amostra de Domic\u00edlios Covid (Pnad Covid-19), divulgados pelo Instituto Brasileiro de Geografia e Estat\u00edstica (IBGE). O resultado foi o mais elevado desde que a pesquisa teve in\u00edcio, em maio deste ano. Em apenas uma semana, cresceu o n\u00famero de pessoas buscando emprego, enquanto diminuiu o total de trabalhadores ocupados. A nova taxa \u00e9 recorde desde o in\u00edcio da pesquisa em tempos de covid-19, em maio. (Por Daniela Amorim)<\/p>\n<p>A popula\u00e7\u00e3o desempregada foi estimada em 13,7 milh\u00f5es de pessoas na quarta semana de agosto, cerca de 1,1 milh\u00e3o a mais que o registrado na terceira semana do m\u00eas, quando essa popula\u00e7\u00e3o totalizava 12,6 milh\u00f5es.<\/p>\n<p>O total de ocupados foi de 82,2 milh\u00f5es na quarta semana de agosto, cerca de 500 mil a menos que o patamar da terceira semana do m\u00eas, quando havia 82,7 milh\u00f5es de pessoas ocupadas.<\/p>\n<p>Cerca de 3,6 milh\u00f5es de trabalhadores, o equivalente a 4,4% da popula\u00e7\u00e3o ocupada, estavam afastados do trabalho devido \u00e0s medidas de isolamento social na quarta semana de agosto. O resultado representa cerca de 400 mil pessoas a menos que o patamar de uma semana antes, quando esse contingente somava 4,0 milh\u00f5es ou 4,8% da popula\u00e7\u00e3o ocupada.<\/p>\n<p>A popula\u00e7\u00e3o ocupada e n\u00e3o afastada do trabalho foi estimada em 76,1 milh\u00f5es de pessoas, ante um contingente de 75,9 milh\u00f5es de trabalhadores registrado na semana anterior.<\/p>\n<p>Na quarta semana de agosto, 8,3 milh\u00f5es de pessoas trabalhavam remotamente. Na semana anterior, tamb\u00e9m havia 8,3 milh\u00f5es de pessoas em trabalho remoto.<\/p>\n<p>A popula\u00e7\u00e3o fora da for\u00e7a de trabalho \u2013 que n\u00e3o estava trabalhando nem procurava por trabalho \u2013 somou 74,4 milh\u00f5es na quarta semana de agosto, ante um total de 75 milh\u00f5es na semana anterior. Entre os inativos, cerca de 26,7 milh\u00f5es de pessoas, ou 35,8% da popula\u00e7\u00e3o fora da for\u00e7a de trabalho, disseram que gostariam de trabalhar. Aproximadamente 16,8 milh\u00f5es de inativos que gostariam de trabalhar alegaram que n\u00e3o procuraram trabalho por causa da pandemia ou por n\u00e3o encontrarem uma ocupa\u00e7\u00e3o na localidade em que moravam.<\/p>\n<p>O n\u00edvel de ocupa\u00e7\u00e3o foi de 48,3% na quarta semana de agosto, ante um patamar de 48,6% na semana anterior, segundo o IBGE. A proxy da taxa de informalidade ficou em 34% na quarta semana de agosto, ante 33,4% na semana anterior.<\/p>\n<p>Fonte: UOL conte\u00fado Estad\u00e3o \/ Contec<\/p>\n","protected":false},"excerpt":{"rendered":"<p class=\"excerpt\">A taxa de desemprego no Brasil aumentou de 13,2% na terceira semana de agosto para 14,3% na quarta semana do m\u00eas, segundo os dados da Pesquisa Nacional por Amostra de Domic\u00edlios Covid (Pnad Covid-19), divulgados pelo Instituto Brasileiro de Geografia e Estat\u00edstica (IBGE). O resultado foi o mais elevado desde que a pesquisa teve in\u00edcio, [&hellip;]<\/p>\n","protected":false},"author":2,"featured_media":13239,"comment_status":"closed","ping_status":"closed","sticky":false,"template":"","format":"standard","meta":{"_et_pb_use_builder":"","_et_pb_old_content":"","_et_gb_content_width":"","footnotes":""},"categories":[13],"tags":[],"class_list":["post-13237","post","type-post","status-publish","format-standard","has-post-thumbnail","hentry","category-noticias"],"_links":{"self":[{"href":"https:\/\/sjcbancarios.com.br\/site\/wp-json\/wp\/v2\/posts\/13237","targetHints":{"allow":["GET"]}}],"collection":[{"href":"https:\/\/sjcbancarios.com.br\/site\/wp-json\/wp\/v2\/posts"}],"about":[{"href":"https:\/\/sjcbancarios.com.br\/site\/wp-json\/wp\/v2\/types\/post"}],"author":[{"embeddable":true,"href":"https:\/\/sjcbancarios.com.br\/site\/wp-json\/wp\/v2\/users\/2"}],"replies":[{"embeddable":true,"href":"https:\/\/sjcbancarios.com.br\/site\/wp-json\/wp\/v2\/comments?post=13237"}],"version-history":[{"count":0,"href":"https:\/\/sjcbancarios.com.br\/site\/wp-json\/wp\/v2\/posts\/13237\/revisions"}],"wp:featuredmedia":[{"embeddable":true,"href":"https:\/\/sjcbancarios.com.br\/site\/wp-json\/wp\/v2\/media\/13239"}],"wp:attachment":[{"href":"https:\/\/sjcbancarios.com.br\/site\/wp-json\/wp\/v2\/media?parent=13237"}],"wp:term":[{"taxonomy":"category","embeddable":true,"href":"https:\/\/sjcbancarios.com.br\/site\/wp-json\/wp\/v2\/categories?post=13237"},{"taxonomy":"post_tag","embeddable":true,"href":"https:\/\/sjcbancarios.com.br\/site\/wp-json\/wp\/v2\/tags?post=13237"}],"curies":[{"name":"wp","href":"https:\/\/api.w.org\/{rel}","templated":true}]}}