{"id":13234,"date":"2020-09-18T15:12:39","date_gmt":"2020-09-18T18:12:39","guid":{"rendered":"https:\/\/sjcbancarios.com.br\/site\/?p=13234"},"modified":"2020-09-21T15:15:05","modified_gmt":"2020-09-21T18:15:05","slug":"centrais-sindicais-lancam-campanha-pela-manutencao-do-auxilio-de-r-600","status":"publish","type":"post","link":"https:\/\/sjcbancarios.com.br\/site\/noticias\/centrais-sindicais-lancam-campanha-pela-manutencao-do-auxilio-de-r-600\/","title":{"rendered":"Centrais sindicais lan\u00e7am campanha pela manuten\u00e7\u00e3o do aux\u00edlio de R$ 600"},"content":{"rendered":"<p>Quase metade dos brasileiros que receberam o aux\u00edlio emergencial tiveram os R$ 600 como \u00fanica fonte de renda na pandemia \u2013 Foto:- Ag\u00eancia Brasil<\/p>\n<p>Iniciativa pede mudan\u00e7as na MP 1000, editada por Bolsonaro, que prop\u00f5e a redu\u00e7\u00e3o do valor do benef\u00edcio para R$ 300 (Por Catarina Barbosa)<\/p>\n<p>Nesta quinta-feira (17), as centrais sindicais lan\u00e7aram, de forma virtual, a campanha #600peloBrasil. A mobiliza\u00e7\u00e3o nacional pede que o presidente da C\u00e2mara dos Deputados, Rodrigo Maia (DEM), coloque em vota\u00e7\u00e3o a Medida Provis\u00f3ria (MP) 1000, publicada pelo governo federal no \u00faltimo dia 3 de setembro.<\/p>\n<p>A MP prorroga o aux\u00edlio emergencial at\u00e9 dezembro, mas reduz o valor de R$ 600 para R$ 300. Os sindicatos, por\u00e9m, pedem que o valor atual seja mantido, sob o risco de levar a popula\u00e7\u00e3o mais vulner\u00e1vel a uma situa\u00e7\u00e3o de mis\u00e9ria ainda maior.<\/p>\n<p>O governo Bolsonaro, inicialmente contra a implanta\u00e7\u00e3o do benef\u00edcio, chegou a cogitar um \u201cvoucher\u201d no valor de R$ 200 para a popula\u00e7\u00e3o. No entanto, a press\u00e3o dos movimentos sindicais junto aos movimentos populares garantiu a aprova\u00e7\u00e3o dos R$ 600.<\/p>\n<p>Leia mais: Voc\u00ea sabia que Bolsonaro foi contra o aux\u00edlio emergencial? Entenda mais<\/p>\n<p>Para o presidente Nacional da Central \u00danica dos Trabalhadores (CUT), Sergio Nobre, reduzir o valor do aux\u00edlio prejudicaria cerca de 54 milh\u00f5es de pessoas.<\/p>\n<p>\u201cA manuten\u00e7\u00e3o dos R$600 at\u00e9 dezembro \u00e9 fundamental para que a gente mantenha a atividade econ\u00f4mica. Foi o aux\u00edlio que movimentou o que a gente teve de produ\u00e7\u00e3o no nosso pa\u00eds, a medida em que o povo compra e a ind\u00fastria produz. Ou seja, manteve girando a roda da economia. Ent\u00e3o, \u00e9 muito importante manter os R$ 600. N\u00f3s n\u00e3o podemos trabalhar com a l\u00f3gica Paulo Guedes, financista, porque n\u00e3o foi isso que o mundo fez. Se olharmos para o povo que est\u00e3o enfrentando bem a crise, todos eles investiram 35% do PIB para proteger o povo\u201d.<\/p>\n<p>Nobre pontua ainda que a crise econ\u00f4mica e social s\u00f3 n\u00e3o \u00e9 mais grave pela inje\u00e7\u00e3o do valor disponibilizado para o aux\u00edlio emergencial. \u201cBoa parte do dinheiro investido foi usado para compra de comida e alimentos\u201d, resume.<\/p>\n<p>Segundo levantamento do Datafolha divulgado em agosto deste ano, 53% dos entrevistados \u2013 que receberam o aux\u00edlio emergencial \u2013, o usavam para comprar comida; 25% para pagar contas; e 16% para despesas dom\u00e9sticas.<\/p>\n<p>Outras finalidades somam 4% e itens de combate \u00e0 covid-19, 1%. E quase a metade (44%) dos entrevistados tinham no aux\u00edlio emergencial a sua \u00fanico fonte de renda.<\/p>\n<p>Relembre: Bolsonaro anuncia redu\u00e7\u00e3o do aux\u00edlio de R$ 600 para R$ 300 a partir de setembro<\/p>\n<p>\u201cHoje est\u00e1 claro para todo mundo a import\u00e2ncia do aux\u00edlio e \u00e9 um crime propor essa redu\u00e7\u00e3o para R$ 300 com a infla\u00e7\u00e3o. R$ 300 n\u00e3o d\u00e1 conta de comprar uma cesta b\u00e1sica. Assim, a manuten\u00e7\u00e3o dos R$ 600 \u00e9 fundamental\u201d, refor\u00e7a o presidente da CUT.<\/p>\n<p>Para Miguel Torres, presidente da For\u00e7\u201da Sindical, \u00e9 indiscut\u00edvel a necessidade do aux\u00edlio para conter a recess\u00e3o econ\u00f4mica a que estamos sendo submetidos.\u201dSe n\u00e3o fosse o aux\u00edlio emergencial estar\u00edamos em uma crise muito maior. E n\u00f3s sabemos que com os R$ 300 que o governo est\u00e1 propondo vai aumentar tamb\u00e9m a crise e ainda em um momento em que a infla\u00e7\u00e3o come\u00e7a a nos g\u00eaneros de primeira necessidade principalmente. De forma que a infla\u00e7\u00e3o \u00e9 muito maior para os trabalhadores, para os mais pobres do que para os ricos\u201d.<\/p>\n<p>\u201cO corte [no aux\u00edlio emergencial] n\u00e3o garante a aquisi\u00e7\u00e3o de uma cesta b\u00e1sica em Aracaju, por exemplo, que est\u00e1 em R$ 398. Lembrando que o Bolsonaro liberou um cr\u00e9dito de R$ 320 bilh\u00e3o para os bancos.\u201d\u201d, acrescenta Adilson Ara\u00fajo, presidente da Central dos Trabalhadores e Trabalhadoras do Brasil (CTB)<\/p>\n<p>O movimento trabalha na coleta de assinaturas para um abaixo assinado pela manuten\u00e7\u00e3o dos R$ 600 e tamb\u00e9m ir\u00e1 pressionar o Congresso pela vota\u00e7\u00e3o da MP 1000.<\/p>\n<p>\u201cSe tem uma coisa que pandemia deixou clara \u00e9 a necessidade de um programa de renda b\u00e1sica. Primeiro vamos pressionar pela manuten\u00e7\u00e3o dos R$ 600, depois, queremos discutir um programa de renda b\u00e1sica permanente no Brasil\u201d, disse S\u00e9rgio Nobre (CUT).<\/p>\n<p>Participam do ato a Central \u00danica dos Trabalhadores (CUT), For\u00e7a Sindical, Uni\u00e3o Geral dos Trabalhadores (UGT), Central dos Trabalhadores e Trabalhadoras do Brasil (CTB), Central dos Sindicatos Brasileiros (CSB), Nova Central Sindical de Trabalhadores (NCST), Central Geral dos Trabalhadores do Brasil (CGTB), Intersindical \u2013 Central da Classe Trabalhadora (CSP-Conlutas), Intersindical \u2013 Instrumento de Luta e Organiza\u00e7\u00e3o da Classe Trabalhadora e P\u00fablica Central do Servidor. Edi\u00e7\u00e3o: Rodrigo Chagas<\/p>\n<p>Fonte: Brasil de Fato \/ Contec<\/p>\n","protected":false},"excerpt":{"rendered":"<p class=\"excerpt\">Quase metade dos brasileiros que receberam o aux\u00edlio emergencial tiveram os R$ 600 como \u00fanica fonte de renda na pandemia \u2013 Foto:- Ag\u00eancia Brasil Iniciativa pede mudan\u00e7as na MP 1000, editada por Bolsonaro, que prop\u00f5e a redu\u00e7\u00e3o do valor do benef\u00edcio para R$ 300 (Por Catarina Barbosa) Nesta quinta-feira (17), as centrais sindicais lan\u00e7aram, de [&hellip;]<\/p>\n","protected":false},"author":2,"featured_media":13235,"comment_status":"closed","ping_status":"closed","sticky":false,"template":"","format":"standard","meta":{"_et_pb_use_builder":"","_et_pb_old_content":"","_et_gb_content_width":"","footnotes":""},"categories":[13],"tags":[],"class_list":["post-13234","post","type-post","status-publish","format-standard","has-post-thumbnail","hentry","category-noticias"],"_links":{"self":[{"href":"https:\/\/sjcbancarios.com.br\/site\/wp-json\/wp\/v2\/posts\/13234","targetHints":{"allow":["GET"]}}],"collection":[{"href":"https:\/\/sjcbancarios.com.br\/site\/wp-json\/wp\/v2\/posts"}],"about":[{"href":"https:\/\/sjcbancarios.com.br\/site\/wp-json\/wp\/v2\/types\/post"}],"author":[{"embeddable":true,"href":"https:\/\/sjcbancarios.com.br\/site\/wp-json\/wp\/v2\/users\/2"}],"replies":[{"embeddable":true,"href":"https:\/\/sjcbancarios.com.br\/site\/wp-json\/wp\/v2\/comments?post=13234"}],"version-history":[{"count":0,"href":"https:\/\/sjcbancarios.com.br\/site\/wp-json\/wp\/v2\/posts\/13234\/revisions"}],"wp:featuredmedia":[{"embeddable":true,"href":"https:\/\/sjcbancarios.com.br\/site\/wp-json\/wp\/v2\/media\/13235"}],"wp:attachment":[{"href":"https:\/\/sjcbancarios.com.br\/site\/wp-json\/wp\/v2\/media?parent=13234"}],"wp:term":[{"taxonomy":"category","embeddable":true,"href":"https:\/\/sjcbancarios.com.br\/site\/wp-json\/wp\/v2\/categories?post=13234"},{"taxonomy":"post_tag","embeddable":true,"href":"https:\/\/sjcbancarios.com.br\/site\/wp-json\/wp\/v2\/tags?post=13234"}],"curies":[{"name":"wp","href":"https:\/\/api.w.org\/{rel}","templated":true}]}}